{"id":22462,"date":"2023-11-21T14:04:50","date_gmt":"2023-11-21T14:04:50","guid":{"rendered":"https:\/\/pruebasnitorlack.com\/david-alonso-quiere-cerrar-el-ano-entre-los-3-primeros\/"},"modified":"2023-12-05T07:33:16","modified_gmt":"2023-12-05T07:33:16","slug":"david-alonso-wants-to-end-the-year-in-the-top-3","status":"publish","type":"post","link":"https:\/\/pruebasnitorlack.com\/en\/david-alonso-wants-to-end-the-year-in-the-top-3\/","title":{"rendered":"David Alonso wants to end the year in the top 3"},"content":{"rendered":"[vc_row type=&#8221;in_container&#8221; full_screen_row_position=&#8221;middle&#8221; column_margin=&#8221;default&#8221; column_direction=&#8221;default&#8221; column_direction_tablet=&#8221;default&#8221; column_direction_phone=&#8221;default&#8221; scene_position=&#8221;center&#8221; text_color=&#8221;dark&#8221; text_align=&#8221;left&#8221; row_border_radius=&#8221;none&#8221; row_border_radius_applies=&#8221;bg&#8221; overflow=&#8221;visible&#8221; overlay_strength=&#8221;0.3&#8243; gradient_direction=&#8221;left_to_right&#8221; shape_divider_position=&#8221;bottom&#8221; bg_image_animation=&#8221;none&#8221;][vc_column column_padding=&#8221;no-extra-padding&#8221; column_padding_tablet=&#8221;inherit&#8221; column_padding_phone=&#8221;inherit&#8221; column_padding_position=&#8221;all&#8221; column_element_spacing=&#8221;default&#8221; background_color_opacity=&#8221;1&#8243; background_hover_color_opacity=&#8221;1&#8243; column_shadow=&#8221;none&#8221; column_border_radius=&#8221;none&#8221; column_link_target=&#8221;_self&#8221; column_position=&#8221;default&#8221; gradient_direction=&#8221;left_to_right&#8221; overlay_strength=&#8221;0.3&#8243; width=&#8221;1\/1&#8243; tablet_width_inherit=&#8221;default&#8221; tablet_text_alignment=&#8221;default&#8221; phone_text_alignment=&#8221;default&#8221; animation_type=&#8221;default&#8221; bg_image_animation=&#8221;none&#8221; border_type=&#8221;simple&#8221; column_border_width=&#8221;none&#8221; column_border_style=&#8221;solid&#8221;][vc_column_text]\n<h2>David Alonso quiere cerrar la temporada en moto 3 entre los 3 primeros<\/h2>\n[\/vc_column_text][\/vc_column][\/vc_row][vc_row type=&#8221;in_container&#8221; full_screen_row_position=&#8221;middle&#8221; column_margin=&#8221;default&#8221; column_direction=&#8221;default&#8221; column_direction_tablet=&#8221;default&#8221; column_direction_phone=&#8221;default&#8221; scene_position=&#8221;center&#8221; text_color=&#8221;dark&#8221; text_align=&#8221;left&#8221; row_border_radius=&#8221;none&#8221; row_border_radius_applies=&#8221;bg&#8221; overflow=&#8221;visible&#8221; overlay_strength=&#8221;0.3&#8243; gradient_direction=&#8221;left_to_right&#8221; shape_divider_position=&#8221;bottom&#8221; bg_image_animation=&#8221;none&#8221;][vc_column column_padding=&#8221;no-extra-padding&#8221; column_padding_tablet=&#8221;inherit&#8221; column_padding_phone=&#8221;inherit&#8221; column_padding_position=&#8221;all&#8221; column_element_spacing=&#8221;default&#8221; background_color_opacity=&#8221;1&#8243; background_hover_color_opacity=&#8221;1&#8243; column_shadow=&#8221;none&#8221; column_border_radius=&#8221;none&#8221; column_link_target=&#8221;_self&#8221; column_position=&#8221;default&#8221; gradient_direction=&#8221;left_to_right&#8221; overlay_strength=&#8221;0.3&#8243; width=&#8221;1\/1&#8243; tablet_width_inherit=&#8221;default&#8221; tablet_text_alignment=&#8221;default&#8221; phone_text_alignment=&#8221;default&#8221; animation_type=&#8221;default&#8221; bg_image_animation=&#8221;none&#8221; border_type=&#8221;simple&#8221; column_border_width=&#8221;none&#8221; column_border_style=&#8221;solid&#8221;][vc_column_text][\/vc_column_text][vc_column_text]The Colombian rider of the Valresa GASGAS Aspar Team, arrives at the GP of Comunidad Valenciana as the winner of the rookies in the Moto3 World Championship.<\/p>\n<p>With the constructors&#8217; and riders&#8217; titles already decided in favour of Jaume Masi\u00e1, all that remains to be seen is which riders will join him on the top step of the podium at the end of the season. In the battle for the season podium is Valresa GASGAS Aspar rider David Alonso, who is third in the standings. The Colombian is 18 points ahead of Ayumu Sasaki, but also trails Dani Holgado and Deniz \u00d6nc\u00fc by 13 points. Alonso will be runner-up if he wins or finishes second in the Gran Premio de la Comunitat Valenciana and Ayumu Sasaki does not score points, a difficult but not impossible combination. In turn, the Colombian could concede up to twelve points to Holgado and \u00d6nc\u00fc to finish his first year in the World Championship in third position.<\/p>\n<p><strong>David Alonso:<\/strong> &#8220;In Valencia I will try to enjoy every minute on track to close the season in the best possible way. I can still finish second overall, but also outside the top 3. We will keep pushing to give the fans some joy&#8221;.<\/p>\n<p><strong>Ryusei Yamanaka:<\/strong> &#8220;Circuit Ricardo Tormo is one of my favourite tracks. I know I can ride fast there and we will have to give our best from the start. Working on the rhythm from the first practice will be important to get to the race with a good feeling. We will try to finish the season on a high note.[\/vc_column_text][\/vc_column][\/vc_row][vc_row type=&#8221;full_width_content&#8221; full_screen_row_position=&#8221;middle&#8221; column_margin=&#8221;default&#8221; column_direction=&#8221;default&#8221; column_direction_tablet=&#8221;default&#8221; column_direction_phone=&#8221;default&#8221; scene_position=&#8221;center&#8221; text_color=&#8221;dark&#8221; text_align=&#8221;left&#8221; row_border_radius=&#8221;none&#8221; row_border_radius_applies=&#8221;bg&#8221; overflow=&#8221;visible&#8221; overlay_strength=&#8221;0.3&#8243; gradient_direction=&#8221;left_to_right&#8221; shape_divider_position=&#8221;bottom&#8221; bg_image_animation=&#8221;none&#8221; shape_type=&#8221;&#8221;][vc_column column_padding=&#8221;padding-7-percent&#8221; column_padding_tablet=&#8221;inherit&#8221; column_padding_phone=&#8221;inherit&#8221; column_padding_position=&#8221;all&#8221; top_margin=&#8221;-6%&#8221; column_element_spacing=&#8221;default&#8221; centered_text=&#8221;true&#8221; background_color_opacity=&#8221;1&#8243; background_hover_color_opacity=&#8221;1&#8243; column_shadow=&#8221;none&#8221; column_border_radius=&#8221;none&#8221; column_link_target=&#8221;_self&#8221; column_position=&#8221;default&#8221; gradient_direction=&#8221;left_to_right&#8221; overlay_strength=&#8221;0.3&#8243; width=&#8221;1\/1&#8243; tablet_width_inherit=&#8221;default&#8221; tablet_text_alignment=&#8221;default&#8221; phone_text_alignment=&#8221;default&#8221; animation_type=&#8221;default&#8221; bg_image_animation=&#8221;none&#8221; border_type=&#8221;simple&#8221; column_border_width=&#8221;none&#8221; column_border_style=&#8221;solid&#8221;][image_with_animation image_url=&#8221;22422&#8243; image_size=&#8221;large&#8221; animation_type=&#8221;entrance&#8221; animation=&#8221;Fade In&#8221; hover_animation=&#8221;none&#8221; alignment=&#8221;&#8221; img_link_large=&#8221;yes&#8221; border_radius=&#8221;none&#8221; box_shadow=&#8221;none&#8221; image_loading=&#8221;default&#8221; max_width=&#8221;100%&#8221; max_width_mobile=&#8221;default&#8221;][\/vc_column][\/vc_row]\n","protected":false},"excerpt":{"rendered":"<p>El piloto colombiano del Valresa GASGAS Aspar Team, llega al GP de Comunidad Valenciana como flamante ganador de los debutantes en el mundial de moto3.<\/p>\n","protected":false},"author":1,"featured_media":22424,"comment_status":"closed","ping_status":"closed","sticky":false,"template":"","format":"standard","meta":{"_joinchat":[],"footnotes":""},"categories":[52],"tags":[],"class_list":{"0":"post-22462","1":"post","2":"type-post","3":"status-publish","4":"format-standard","5":"has-post-thumbnail","7":"category-social-en"},"yoast_head":"<!-- This site is optimized with the Yoast SEO plugin v27.4 - https:\/\/yoast.com\/product\/yoast-seo-wordpress\/ -->\n<title>David Alonso wants to end the year in the top 3 - Valresa.com<\/title>\n<meta name=\"description\" content=\"The Colombian rider of the Valresa GASGAS Aspar Team, arrives at the GP of Comunidad Valenciana as the winner of the rookies in the Moto3 World Championship.\" \/>\n<meta name=\"robots\" content=\"noindex, follow, max-snippet:-1, max-image-preview:large, max-video-preview:-1\" \/>\n<meta property=\"og:locale\" content=\"en_US\" \/>\n<meta property=\"og:type\" content=\"article\" \/>\n<meta property=\"og:title\" content=\"La seguridad eje de nuestro proyecto empresarial.\" \/>\n<meta property=\"og:description\" content=\"Recibimos la visita del Consorcio Provincial de Bomberos con el objetivo de recopilar informaci\u00f3n para alimentar la base de datos de bomberos que pueden suponer la diferencia entre que un incendio industrial se limite a unos cuantos metros cuadrados de una \u00fanica nave o se extienda a empresas colindantes causando incontables da\u00f1os materiales e, incluso, personales.\" \/>\n<meta property=\"og:url\" content=\"https:\/\/pruebasnitorlack.com\/en\/david-alonso-wants-to-end-the-year-in-the-top-3\/\" \/>\n<meta property=\"og:site_name\" content=\"VALRESA\" \/>\n<meta property=\"article:publisher\" content=\"https:\/\/www.facebook.com\/valresacoatings\/\" \/>\n<meta property=\"article:published_time\" content=\"2023-11-21T14:04:50+00:00\" \/>\n<meta property=\"article:modified_time\" content=\"2023-12-05T07:33:16+00:00\" \/>\n<meta property=\"og:image\" content=\"https:\/\/pruebasnitorlack.com\/wp-content\/uploads\/2021\/07\/JM-Bomberos_2.jpg\" \/>\n\t<meta property=\"og:image:width\" content=\"1024\" \/>\n\t<meta property=\"og:image:height\" content=\"768\" \/>\n\t<meta property=\"og:image:type\" content=\"image\/jpeg\" \/>\n<meta name=\"author\" content=\"valresa\" \/>\n<meta name=\"twitter:card\" content=\"summary_large_image\" \/>\n<meta name=\"twitter:title\" content=\"La seguridad eje de nuestro proyecto empresarial.\" \/>\n<meta name=\"twitter:description\" content=\"Recibimos al consorcio provincial de Bomberos para poner en com\u00fan informaci\u00f3n valios\u00edsima ante un posible incendio industrial.\" \/>\n<meta name=\"twitter:image\" content=\"https:\/\/pruebasnitorlack.com\/wp-content\/uploads\/2021\/07\/JM-Bomberos_2.jpg\" \/>\n<meta name=\"twitter:label1\" content=\"Written by\" \/>\n\t<meta name=\"twitter:data1\" content=\"valresa\" \/>\n\t<meta name=\"twitter:label2\" content=\"Est. reading time\" \/>\n\t<meta name=\"twitter:data2\" content=\"2 minutes\" \/>\n<script type=\"application\/ld+json\" class=\"yoast-schema-graph\">{\"@context\":\"https:\\\/\\\/schema.org\",\"@graph\":[{\"@type\":\"Article\",\"@id\":\"https:\\\/\\\/pruebasnitorlack.com\\\/en\\\/david-alonso-wants-to-end-the-year-in-the-top-3\\\/#article\",\"isPartOf\":{\"@id\":\"https:\\\/\\\/pruebasnitorlack.com\\\/en\\\/david-alonso-wants-to-end-the-year-in-the-top-3\\\/\"},\"author\":{\"name\":\"valresa\",\"@id\":\"https:\\\/\\\/pruebasnitorlack.com\\\/en\\\/#\\\/schema\\\/person\\\/c4feb9f1e8b2d8bd3b9f96de2b35e092\"},\"headline\":\"David Alonso wants to end the year in the top 3\",\"datePublished\":\"2023-11-21T14:04:50+00:00\",\"dateModified\":\"2023-12-05T07:33:16+00:00\",\"mainEntityOfPage\":{\"@id\":\"https:\\\/\\\/pruebasnitorlack.com\\\/en\\\/david-alonso-wants-to-end-the-year-in-the-top-3\\\/\"},\"wordCount\":778,\"image\":{\"@id\":\"https:\\\/\\\/pruebasnitorlack.com\\\/en\\\/david-alonso-wants-to-end-the-year-in-the-top-3\\\/#primaryimage\"},\"thumbnailUrl\":\"https:\\\/\\\/pruebasnitorlack.com\\\/wp-content\\\/uploads\\\/2023\\\/11\\\/thumb_7985_post_xlarge-scaled.jpeg\",\"articleSection\":[\"Social\"],\"inLanguage\":\"en-US\"},{\"@type\":\"WebPage\",\"@id\":\"https:\\\/\\\/pruebasnitorlack.com\\\/en\\\/david-alonso-wants-to-end-the-year-in-the-top-3\\\/\",\"url\":\"https:\\\/\\\/pruebasnitorlack.com\\\/en\\\/david-alonso-wants-to-end-the-year-in-the-top-3\\\/\",\"name\":\"David Alonso wants to end the year in the top 3 - Valresa.com\",\"isPartOf\":{\"@id\":\"https:\\\/\\\/pruebasnitorlack.com\\\/en\\\/#website\"},\"primaryImageOfPage\":{\"@id\":\"https:\\\/\\\/pruebasnitorlack.com\\\/en\\\/david-alonso-wants-to-end-the-year-in-the-top-3\\\/#primaryimage\"},\"image\":{\"@id\":\"https:\\\/\\\/pruebasnitorlack.com\\\/en\\\/david-alonso-wants-to-end-the-year-in-the-top-3\\\/#primaryimage\"},\"thumbnailUrl\":\"https:\\\/\\\/pruebasnitorlack.com\\\/wp-content\\\/uploads\\\/2023\\\/11\\\/thumb_7985_post_xlarge-scaled.jpeg\",\"datePublished\":\"2023-11-21T14:04:50+00:00\",\"dateModified\":\"2023-12-05T07:33:16+00:00\",\"author\":{\"@id\":\"https:\\\/\\\/pruebasnitorlack.com\\\/en\\\/#\\\/schema\\\/person\\\/c4feb9f1e8b2d8bd3b9f96de2b35e092\"},\"description\":\"The Colombian rider of the Valresa GASGAS Aspar Team, arrives at the GP of Comunidad Valenciana as the winner of the rookies in the Moto3 World Championship.\",\"breadcrumb\":{\"@id\":\"https:\\\/\\\/pruebasnitorlack.com\\\/en\\\/david-alonso-wants-to-end-the-year-in-the-top-3\\\/#breadcrumb\"},\"inLanguage\":\"en-US\",\"potentialAction\":[{\"@type\":\"ReadAction\",\"target\":[\"https:\\\/\\\/pruebasnitorlack.com\\\/en\\\/david-alonso-wants-to-end-the-year-in-the-top-3\\\/\"]}]},{\"@type\":\"ImageObject\",\"inLanguage\":\"en-US\",\"@id\":\"https:\\\/\\\/pruebasnitorlack.com\\\/en\\\/david-alonso-wants-to-end-the-year-in-the-top-3\\\/#primaryimage\",\"url\":\"https:\\\/\\\/pruebasnitorlack.com\\\/wp-content\\\/uploads\\\/2023\\\/11\\\/thumb_7985_post_xlarge-scaled.jpeg\",\"contentUrl\":\"https:\\\/\\\/pruebasnitorlack.com\\\/wp-content\\\/uploads\\\/2023\\\/11\\\/thumb_7985_post_xlarge-scaled.jpeg\",\"width\":2048,\"height\":1365},{\"@type\":\"BreadcrumbList\",\"@id\":\"https:\\\/\\\/pruebasnitorlack.com\\\/en\\\/david-alonso-wants-to-end-the-year-in-the-top-3\\\/#breadcrumb\",\"itemListElement\":[{\"@type\":\"ListItem\",\"position\":1,\"name\":\"Portada\",\"item\":\"https:\\\/\\\/pruebasnitorlack.com\\\/en\\\/\"},{\"@type\":\"ListItem\",\"position\":2,\"name\":\"David Alonso wants to end the year in the top 3\"}]},{\"@type\":\"WebSite\",\"@id\":\"https:\\\/\\\/pruebasnitorlack.com\\\/en\\\/#website\",\"url\":\"https:\\\/\\\/pruebasnitorlack.com\\\/en\\\/\",\"name\":\"VALRESA\",\"description\":\"Barnices y pinturas para la madera\",\"potentialAction\":[{\"@type\":\"SearchAction\",\"target\":{\"@type\":\"EntryPoint\",\"urlTemplate\":\"https:\\\/\\\/pruebasnitorlack.com\\\/en\\\/?s={search_term_string}\"},\"query-input\":{\"@type\":\"PropertyValueSpecification\",\"valueRequired\":true,\"valueName\":\"search_term_string\"}}],\"inLanguage\":\"en-US\"},{\"@type\":\"Person\",\"@id\":\"https:\\\/\\\/pruebasnitorlack.com\\\/en\\\/#\\\/schema\\\/person\\\/c4feb9f1e8b2d8bd3b9f96de2b35e092\",\"name\":\"valresa\"}]}<\/script>\n<!-- \/ Yoast SEO plugin. -->","yoast_head_json":{"title":"David Alonso wants to end the year in the top 3 - Valresa.com","description":"The Colombian rider of the Valresa GASGAS Aspar Team, arrives at the GP of Comunidad Valenciana as the winner of the rookies in the Moto3 World Championship.","robots":{"index":"noindex","follow":"follow","max-snippet":"max-snippet:-1","max-image-preview":"max-image-preview:large","max-video-preview":"max-video-preview:-1"},"og_locale":"en_US","og_type":"article","og_title":"La seguridad eje de nuestro proyecto empresarial.","og_description":"Recibimos la visita del Consorcio Provincial de Bomberos con el objetivo de recopilar informaci\u00f3n para alimentar la base de datos de bomberos que pueden suponer la diferencia entre que un incendio industrial se limite a unos cuantos metros cuadrados de una \u00fanica nave o se extienda a empresas colindantes causando incontables da\u00f1os materiales e, incluso, personales.","og_url":"https:\/\/pruebasnitorlack.com\/en\/david-alonso-wants-to-end-the-year-in-the-top-3\/","og_site_name":"VALRESA","article_publisher":"https:\/\/www.facebook.com\/valresacoatings\/","article_published_time":"2023-11-21T14:04:50+00:00","article_modified_time":"2023-12-05T07:33:16+00:00","og_image":[{"width":1024,"height":768,"url":"https:\/\/pruebasnitorlack.com\/wp-content\/uploads\/2021\/07\/JM-Bomberos_2.jpg","type":"image\/jpeg"}],"author":"valresa","twitter_card":"summary_large_image","twitter_title":"La seguridad eje de nuestro proyecto empresarial.","twitter_description":"Recibimos al consorcio provincial de Bomberos para poner en com\u00fan informaci\u00f3n valios\u00edsima ante un posible incendio industrial.","twitter_image":"https:\/\/pruebasnitorlack.com\/wp-content\/uploads\/2021\/07\/JM-Bomberos_2.jpg","twitter_misc":{"Written by":"valresa","Est. reading time":"2 minutes"},"schema":{"@context":"https:\/\/schema.org","@graph":[{"@type":"Article","@id":"https:\/\/pruebasnitorlack.com\/en\/david-alonso-wants-to-end-the-year-in-the-top-3\/#article","isPartOf":{"@id":"https:\/\/pruebasnitorlack.com\/en\/david-alonso-wants-to-end-the-year-in-the-top-3\/"},"author":{"name":"valresa","@id":"https:\/\/pruebasnitorlack.com\/en\/#\/schema\/person\/c4feb9f1e8b2d8bd3b9f96de2b35e092"},"headline":"David Alonso wants to end the year in the top 3","datePublished":"2023-11-21T14:04:50+00:00","dateModified":"2023-12-05T07:33:16+00:00","mainEntityOfPage":{"@id":"https:\/\/pruebasnitorlack.com\/en\/david-alonso-wants-to-end-the-year-in-the-top-3\/"},"wordCount":778,"image":{"@id":"https:\/\/pruebasnitorlack.com\/en\/david-alonso-wants-to-end-the-year-in-the-top-3\/#primaryimage"},"thumbnailUrl":"https:\/\/pruebasnitorlack.com\/wp-content\/uploads\/2023\/11\/thumb_7985_post_xlarge-scaled.jpeg","articleSection":["Social"],"inLanguage":"en-US"},{"@type":"WebPage","@id":"https:\/\/pruebasnitorlack.com\/en\/david-alonso-wants-to-end-the-year-in-the-top-3\/","url":"https:\/\/pruebasnitorlack.com\/en\/david-alonso-wants-to-end-the-year-in-the-top-3\/","name":"David Alonso wants to end the year in the top 3 - Valresa.com","isPartOf":{"@id":"https:\/\/pruebasnitorlack.com\/en\/#website"},"primaryImageOfPage":{"@id":"https:\/\/pruebasnitorlack.com\/en\/david-alonso-wants-to-end-the-year-in-the-top-3\/#primaryimage"},"image":{"@id":"https:\/\/pruebasnitorlack.com\/en\/david-alonso-wants-to-end-the-year-in-the-top-3\/#primaryimage"},"thumbnailUrl":"https:\/\/pruebasnitorlack.com\/wp-content\/uploads\/2023\/11\/thumb_7985_post_xlarge-scaled.jpeg","datePublished":"2023-11-21T14:04:50+00:00","dateModified":"2023-12-05T07:33:16+00:00","author":{"@id":"https:\/\/pruebasnitorlack.com\/en\/#\/schema\/person\/c4feb9f1e8b2d8bd3b9f96de2b35e092"},"description":"The Colombian rider of the Valresa GASGAS Aspar Team, arrives at the GP of Comunidad Valenciana as the winner of the rookies in the Moto3 World Championship.","breadcrumb":{"@id":"https:\/\/pruebasnitorlack.com\/en\/david-alonso-wants-to-end-the-year-in-the-top-3\/#breadcrumb"},"inLanguage":"en-US","potentialAction":[{"@type":"ReadAction","target":["https:\/\/pruebasnitorlack.com\/en\/david-alonso-wants-to-end-the-year-in-the-top-3\/"]}]},{"@type":"ImageObject","inLanguage":"en-US","@id":"https:\/\/pruebasnitorlack.com\/en\/david-alonso-wants-to-end-the-year-in-the-top-3\/#primaryimage","url":"https:\/\/pruebasnitorlack.com\/wp-content\/uploads\/2023\/11\/thumb_7985_post_xlarge-scaled.jpeg","contentUrl":"https:\/\/pruebasnitorlack.com\/wp-content\/uploads\/2023\/11\/thumb_7985_post_xlarge-scaled.jpeg","width":2048,"height":1365},{"@type":"BreadcrumbList","@id":"https:\/\/pruebasnitorlack.com\/en\/david-alonso-wants-to-end-the-year-in-the-top-3\/#breadcrumb","itemListElement":[{"@type":"ListItem","position":1,"name":"Portada","item":"https:\/\/pruebasnitorlack.com\/en\/"},{"@type":"ListItem","position":2,"name":"David Alonso wants to end the year in the top 3"}]},{"@type":"WebSite","@id":"https:\/\/pruebasnitorlack.com\/en\/#website","url":"https:\/\/pruebasnitorlack.com\/en\/","name":"VALRESA","description":"Barnices y pinturas para la madera","potentialAction":[{"@type":"SearchAction","target":{"@type":"EntryPoint","urlTemplate":"https:\/\/pruebasnitorlack.com\/en\/?s={search_term_string}"},"query-input":{"@type":"PropertyValueSpecification","valueRequired":true,"valueName":"search_term_string"}}],"inLanguage":"en-US"},{"@type":"Person","@id":"https:\/\/pruebasnitorlack.com\/en\/#\/schema\/person\/c4feb9f1e8b2d8bd3b9f96de2b35e092","name":"valresa"}]}},"_links":{"self":[{"href":"https:\/\/pruebasnitorlack.com\/en\/wp-json\/wp\/v2\/posts\/22462","targetHints":{"allow":["GET"]}}],"collection":[{"href":"https:\/\/pruebasnitorlack.com\/en\/wp-json\/wp\/v2\/posts"}],"about":[{"href":"https:\/\/pruebasnitorlack.com\/en\/wp-json\/wp\/v2\/types\/post"}],"author":[{"embeddable":true,"href":"https:\/\/pruebasnitorlack.com\/en\/wp-json\/wp\/v2\/users\/1"}],"replies":[{"embeddable":true,"href":"https:\/\/pruebasnitorlack.com\/en\/wp-json\/wp\/v2\/comments?post=22462"}],"version-history":[{"count":2,"href":"https:\/\/pruebasnitorlack.com\/en\/wp-json\/wp\/v2\/posts\/22462\/revisions"}],"predecessor-version":[{"id":22464,"href":"https:\/\/pruebasnitorlack.com\/en\/wp-json\/wp\/v2\/posts\/22462\/revisions\/22464"}],"wp:featuredmedia":[{"embeddable":true,"href":"https:\/\/pruebasnitorlack.com\/en\/wp-json\/wp\/v2\/media\/22424"}],"wp:attachment":[{"href":"https:\/\/pruebasnitorlack.com\/en\/wp-json\/wp\/v2\/media?parent=22462"}],"wp:term":[{"taxonomy":"category","embeddable":true,"href":"https:\/\/pruebasnitorlack.com\/en\/wp-json\/wp\/v2\/categories?post=22462"},{"taxonomy":"post_tag","embeddable":true,"href":"https:\/\/pruebasnitorlack.com\/en\/wp-json\/wp\/v2\/tags?post=22462"}],"curies":[{"name":"wp","href":"https:\/\/api.w.org\/{rel}","templated":true}]}}