{"id":22837,"date":"2024-10-14T09:28:23","date_gmt":"2024-10-14T09:28:23","guid":{"rendered":"https:\/\/pruebasnitorlack.com\/?p=22837"},"modified":"2024-10-14T09:29:34","modified_gmt":"2024-10-14T09:29:34","slug":"david-alonso-se-proclama-campeon-del-mundo-de-moto3","status":"publish","type":"post","link":"https:\/\/pruebasnitorlack.com\/co\/david-alonso-se-proclama-campeon-del-mundo-de-moto3\/","title":{"rendered":"David Alonso se proclama campe\u00f3n del mundo de Moto3"},"content":{"rendered":"[vc_row type=&#8221;in_container&#8221; full_screen_row_position=&#8221;middle&#8221; column_margin=&#8221;default&#8221; column_direction=&#8221;default&#8221; column_direction_tablet=&#8221;default&#8221; column_direction_phone=&#8221;default&#8221; scene_position=&#8221;center&#8221; text_color=&#8221;dark&#8221; text_align=&#8221;left&#8221; row_border_radius=&#8221;none&#8221; row_border_radius_applies=&#8221;bg&#8221; overflow=&#8221;visible&#8221; overlay_strength=&#8221;0.3&#8243; gradient_direction=&#8221;left_to_right&#8221; shape_divider_position=&#8221;bottom&#8221; bg_image_animation=&#8221;none&#8221;][vc_column column_padding=&#8221;no-extra-padding&#8221; column_padding_tablet=&#8221;inherit&#8221; column_padding_phone=&#8221;inherit&#8221; column_padding_position=&#8221;all&#8221; column_element_spacing=&#8221;default&#8221; background_color_opacity=&#8221;1&#8243; background_hover_color_opacity=&#8221;1&#8243; column_shadow=&#8221;none&#8221; column_border_radius=&#8221;none&#8221; column_link_target=&#8221;_self&#8221; column_position=&#8221;default&#8221; gradient_direction=&#8221;left_to_right&#8221; overlay_strength=&#8221;0.3&#8243; width=&#8221;1\/1&#8243; tablet_width_inherit=&#8221;default&#8221; tablet_text_alignment=&#8221;default&#8221; phone_text_alignment=&#8221;default&#8221; animation_type=&#8221;default&#8221; bg_image_animation=&#8221;none&#8221; border_type=&#8221;simple&#8221; column_border_width=&#8221;none&#8221; column_border_style=&#8221;solid&#8221;][vc_column_text]\n<h2>El colombiano David Alonso consigue nuestra primera victoria de la temporada en moto 3<\/h2>\n[\/vc_column_text][\/vc_column][\/vc_row][vc_row type=&#8221;in_container&#8221; full_screen_row_position=&#8221;middle&#8221; column_margin=&#8221;default&#8221; column_direction=&#8221;default&#8221; column_direction_tablet=&#8221;default&#8221; column_direction_phone=&#8221;default&#8221; scene_position=&#8221;center&#8221; text_color=&#8221;dark&#8221; text_align=&#8221;left&#8221; row_border_radius=&#8221;none&#8221; row_border_radius_applies=&#8221;bg&#8221; overflow=&#8221;visible&#8221; overlay_strength=&#8221;0.3&#8243; gradient_direction=&#8221;left_to_right&#8221; shape_divider_position=&#8221;bottom&#8221; bg_image_animation=&#8221;none&#8221;][vc_column column_padding=&#8221;no-extra-padding&#8221; column_padding_tablet=&#8221;inherit&#8221; column_padding_phone=&#8221;inherit&#8221; column_padding_position=&#8221;all&#8221; column_element_spacing=&#8221;default&#8221; background_color_opacity=&#8221;1&#8243; background_hover_color_opacity=&#8221;1&#8243; column_shadow=&#8221;none&#8221; column_border_radius=&#8221;none&#8221; column_link_target=&#8221;_self&#8221; column_position=&#8221;default&#8221; gradient_direction=&#8221;left_to_right&#8221; overlay_strength=&#8221;0.3&#8243; width=&#8221;1\/1&#8243; tablet_width_inherit=&#8221;default&#8221; tablet_text_alignment=&#8221;default&#8221; phone_text_alignment=&#8221;default&#8221; animation_type=&#8221;default&#8221; bg_image_animation=&#8221;none&#8221; border_type=&#8221;simple&#8221; column_border_width=&#8221;none&#8221; column_border_style=&#8221;solid&#8221;][vc_column_text][\/vc_column_text][vc_column_text]David Alonso ha alcanzado la gloria en el Campeonato del Mundo de Moto3, tras una temporada llena de emoci\u00f3n, entrega y superaci\u00f3n personal. Con su victoria, David se ha consagrado como uno de los pilotos m\u00e1s prometedores del motociclismo, y ha llevado al equipo Aspar Team a lo m\u00e1s alto de la competici\u00f3n. Para nosotros, como patrocinadores del Aspar Team, ha sido un honor y un orgullo poder acompa\u00f1arlo en este camino lleno de triunfos y alegr\u00edas, donde cada carrera ha sido una celebraci\u00f3n de su talento y perseverancia.<br \/>\nDesde sus inicios, David Alonso ha demostrado un car\u00e1cter luchador y un amor incondicional por la velocidad. A lo largo de la temporada, nos ha emocionado con su valent\u00eda en la pista y su capacidad para dominar cada curva y recta, regal\u00e1ndonos momentos inolvidables. Su esp\u00edritu de superaci\u00f3n y su trabajo incansable en cada entrenamiento lo han llevado a enfrentarse a los mejores del mundo, y ha sabido salir victorioso en un campeonato tan competitivo como el de Moto3.<br \/>\nEl esfuerzo que hay detr\u00e1s de este t\u00edtulo es inmenso. David ha superado desaf\u00edos, gestionado la presi\u00f3n de competir al m\u00e1s alto nivel y ha mostrado una madurez sorprendente para su juventud. Cada carrera ha sido una oportunidad para verlo crecer y demostrar que los sue\u00f1os se logran con dedicaci\u00f3n y constancia. Desde la primera bandera verde de la temporada hasta la \u00faltima vuelta del campeonato, David ha dejado claro que este t\u00edtulo es el resultado de una pasi\u00f3n profunda por el motociclismo.<br \/>\nEste campeonato no solo es un logro para David, sino tambi\u00e9n para todos los que han cre\u00eddo en \u00e9l desde el principio y para quienes trabajan incansablemente en el Aspar Team para llevar el motociclismo a lo m\u00e1s alto. Sabemos que este t\u00edtulo es solo el inicio de una trayectoria que promete grandes \u00e9xitos en el futuro. Como patrocinadores, nos sentimos inspirados y motivados para seguir apoyando a David y al Aspar Team en los retos que vendr\u00e1n.<br \/>\nHoy, celebramos con emoci\u00f3n y gratitud este t\u00edtulo de campe\u00f3n del mundo de Moto3. Gracias, David, por hacer realidad este sue\u00f1o y por demostrarnos que la combinaci\u00f3n de talento, trabajo en equipo y pasi\u00f3n puede lograr lo imposible. Nos has hecho vibrar con cada carrera y, como parte de este equipo, estamos seguros de que el futuro traer\u00e1 muchos m\u00e1s momentos de gloria. \u00a1Enhorabuena, campe\u00f3n, y a por muchos m\u00e1s triunfos juntos![\/vc_column_text][\/vc_column][\/vc_row][vc_row type=&#8221;full_width_content&#8221; full_screen_row_position=&#8221;middle&#8221; column_margin=&#8221;default&#8221; column_direction=&#8221;default&#8221; column_direction_tablet=&#8221;default&#8221; column_direction_phone=&#8221;default&#8221; scene_position=&#8221;center&#8221; text_color=&#8221;dark&#8221; text_align=&#8221;left&#8221; row_border_radius=&#8221;none&#8221; row_border_radius_applies=&#8221;bg&#8221; overflow=&#8221;visible&#8221; overlay_strength=&#8221;0.3&#8243; gradient_direction=&#8221;left_to_right&#8221; shape_divider_position=&#8221;bottom&#8221; bg_image_animation=&#8221;none&#8221; shape_type=&#8221;&#8221;][vc_column column_padding=&#8221;padding-7-percent&#8221; column_padding_tablet=&#8221;inherit&#8221; column_padding_phone=&#8221;inherit&#8221; column_padding_position=&#8221;all&#8221; top_margin=&#8221;-6%&#8221; column_element_spacing=&#8221;default&#8221; centered_text=&#8221;true&#8221; background_color_opacity=&#8221;1&#8243; background_hover_color_opacity=&#8221;1&#8243; column_shadow=&#8221;none&#8221; column_border_radius=&#8221;none&#8221; column_link_target=&#8221;_self&#8221; column_position=&#8221;default&#8221; gradient_direction=&#8221;left_to_right&#8221; overlay_strength=&#8221;0.3&#8243; width=&#8221;1\/1&#8243; tablet_width_inherit=&#8221;default&#8221; tablet_text_alignment=&#8221;default&#8221; phone_text_alignment=&#8221;default&#8221; animation_type=&#8221;default&#8221; bg_image_animation=&#8221;none&#8221; border_type=&#8221;simple&#8221; column_border_width=&#8221;none&#8221; column_border_style=&#8221;solid&#8221;][image_with_animation image_url=&#8221;22336&#8243; image_size=&#8221;large&#8221; animation_type=&#8221;entrance&#8221; animation=&#8221;Fade In&#8221; hover_animation=&#8221;none&#8221; alignment=&#8221;&#8221; img_link_large=&#8221;yes&#8221; border_radius=&#8221;none&#8221; box_shadow=&#8221;none&#8221; image_loading=&#8221;default&#8221; max_width=&#8221;100%&#8221; max_width_mobile=&#8221;default&#8221;][\/vc_column][\/vc_row]\n","protected":false},"excerpt":{"rendered":"<p>David Alonso ha alcanzado la gloria en el Campeonato del Mundo de Moto3, tras una temporada llena de emoci\u00f3n, entrega y superaci\u00f3n personal<\/p>\n","protected":false},"author":1,"featured_media":22840,"comment_status":"closed","ping_status":"closed","sticky":false,"template":"","format":"standard","meta":{"_joinchat":[],"footnotes":""},"categories":[163],"tags":[],"class_list":{"0":"post-22837","1":"post","2":"type-post","3":"status-publish","4":"format-standard","5":"has-post-thumbnail","7":"category-social-co"},"yoast_head":"<!-- This site is optimized with the Yoast SEO plugin v27.5 - https:\/\/yoast.com\/product\/yoast-seo-wordpress\/ -->\n<title>David Alonso se proclama campe\u00f3n del mundo de Moto3 - Valresa.com<\/title>\n<meta name=\"description\" content=\"David Alonso ha alcanzado la gloria en el Campeonato del Mundo de Moto3, tras una temporada llena de emoci\u00f3n, entrega y superaci\u00f3n personal\" \/>\n<meta name=\"robots\" content=\"noindex, follow, max-snippet:-1, max-image-preview:large, max-video-preview:-1\" \/>\n<meta property=\"og:locale\" content=\"es_ES\" \/>\n<meta property=\"og:type\" content=\"article\" \/>\n<meta property=\"og:title\" content=\"David Alonso se proclama campe\u00f3n del mundo de Moto3\" \/>\n<meta property=\"og:description\" content=\"David Alonso ha alcanzado la gloria en el Campeonato del Mundo de Moto3, tras una temporada llena de emoci\u00f3n, entrega y superaci\u00f3n personal.\" \/>\n<meta property=\"og:url\" content=\"https:\/\/pruebasnitorlack.com\/co\/david-alonso-se-proclama-campeon-del-mundo-de-moto3\/\" \/>\n<meta property=\"og:site_name\" content=\"VALRESA\" \/>\n<meta property=\"article:publisher\" content=\"https:\/\/www.facebook.com\/valresacoatings\/\" \/>\n<meta property=\"article:published_time\" content=\"2024-10-14T09:28:23+00:00\" \/>\n<meta property=\"article:modified_time\" content=\"2024-10-14T09:29:34+00:00\" \/>\n<meta property=\"og:image\" content=\"https:\/\/pruebasnitorlack.com\/wp-content\/uploads\/2024\/10\/David-Alonso-VALRESA.jpeg\" \/>\n\t<meta property=\"og:image:width\" content=\"780\" \/>\n\t<meta property=\"og:image:height\" content=\"520\" \/>\n\t<meta property=\"og:image:type\" content=\"image\/jpeg\" \/>\n<meta name=\"author\" content=\"valresa\" \/>\n<meta name=\"twitter:card\" content=\"summary_large_image\" \/>\n<meta name=\"twitter:title\" content=\".\" \/>\n<meta name=\"twitter:description\" content=\".\" \/>\n<meta name=\"twitter:image\" content=\"https:\/\/pruebasnitorlack.com\/wp-content\/uploads\/2021\/07\/JM-Bomberos_2.jpg\" \/>\n<meta name=\"twitter:label1\" content=\"Escrito por\" \/>\n\t<meta name=\"twitter:data1\" content=\"valresa\" \/>\n\t<meta name=\"twitter:label2\" content=\"Tiempo de lectura\" \/>\n\t<meta name=\"twitter:data2\" content=\"3 minutos\" \/>\n<script type=\"application\/ld+json\" class=\"yoast-schema-graph\">{\"@context\":\"https:\\\/\\\/schema.org\",\"@graph\":[{\"@type\":\"Article\",\"@id\":\"https:\\\/\\\/pruebasnitorlack.com\\\/co\\\/david-alonso-se-proclama-campeon-del-mundo-de-moto3\\\/#article\",\"isPartOf\":{\"@id\":\"https:\\\/\\\/pruebasnitorlack.com\\\/co\\\/david-alonso-se-proclama-campeon-del-mundo-de-moto3\\\/\"},\"author\":{\"name\":\"valresa\",\"@id\":\"https:\\\/\\\/pruebasnitorlack.com\\\/co\\\/#\\\/schema\\\/person\\\/c4feb9f1e8b2d8bd3b9f96de2b35e092\"},\"headline\":\"David Alonso se proclama campe\u00f3n del mundo de Moto3\",\"datePublished\":\"2024-10-14T09:28:23+00:00\",\"dateModified\":\"2024-10-14T09:29:34+00:00\",\"mainEntityOfPage\":{\"@id\":\"https:\\\/\\\/pruebasnitorlack.com\\\/co\\\/david-alonso-se-proclama-campeon-del-mundo-de-moto3\\\/\"},\"wordCount\":954,\"image\":{\"@id\":\"https:\\\/\\\/pruebasnitorlack.com\\\/co\\\/david-alonso-se-proclama-campeon-del-mundo-de-moto3\\\/#primaryimage\"},\"thumbnailUrl\":\"https:\\\/\\\/pruebasnitorlack.com\\\/wp-content\\\/uploads\\\/2024\\\/10\\\/David-Alonso-VALRESA.jpeg\",\"articleSection\":[\"Social\"],\"inLanguage\":\"es-CO\"},{\"@type\":\"WebPage\",\"@id\":\"https:\\\/\\\/pruebasnitorlack.com\\\/co\\\/david-alonso-se-proclama-campeon-del-mundo-de-moto3\\\/\",\"url\":\"https:\\\/\\\/pruebasnitorlack.com\\\/co\\\/david-alonso-se-proclama-campeon-del-mundo-de-moto3\\\/\",\"name\":\"David Alonso se proclama campe\u00f3n del mundo de Moto3 - Valresa.com\",\"isPartOf\":{\"@id\":\"https:\\\/\\\/pruebasnitorlack.com\\\/co\\\/#website\"},\"primaryImageOfPage\":{\"@id\":\"https:\\\/\\\/pruebasnitorlack.com\\\/co\\\/david-alonso-se-proclama-campeon-del-mundo-de-moto3\\\/#primaryimage\"},\"image\":{\"@id\":\"https:\\\/\\\/pruebasnitorlack.com\\\/co\\\/david-alonso-se-proclama-campeon-del-mundo-de-moto3\\\/#primaryimage\"},\"thumbnailUrl\":\"https:\\\/\\\/pruebasnitorlack.com\\\/wp-content\\\/uploads\\\/2024\\\/10\\\/David-Alonso-VALRESA.jpeg\",\"datePublished\":\"2024-10-14T09:28:23+00:00\",\"dateModified\":\"2024-10-14T09:29:34+00:00\",\"author\":{\"@id\":\"https:\\\/\\\/pruebasnitorlack.com\\\/co\\\/#\\\/schema\\\/person\\\/c4feb9f1e8b2d8bd3b9f96de2b35e092\"},\"description\":\"David Alonso ha alcanzado la gloria en el Campeonato del Mundo de Moto3, tras una temporada llena de emoci\u00f3n, entrega y superaci\u00f3n personal\",\"breadcrumb\":{\"@id\":\"https:\\\/\\\/pruebasnitorlack.com\\\/co\\\/david-alonso-se-proclama-campeon-del-mundo-de-moto3\\\/#breadcrumb\"},\"inLanguage\":\"es-CO\",\"potentialAction\":[{\"@type\":\"ReadAction\",\"target\":[\"https:\\\/\\\/pruebasnitorlack.com\\\/co\\\/david-alonso-se-proclama-campeon-del-mundo-de-moto3\\\/\"]}]},{\"@type\":\"ImageObject\",\"inLanguage\":\"es-CO\",\"@id\":\"https:\\\/\\\/pruebasnitorlack.com\\\/co\\\/david-alonso-se-proclama-campeon-del-mundo-de-moto3\\\/#primaryimage\",\"url\":\"https:\\\/\\\/pruebasnitorlack.com\\\/wp-content\\\/uploads\\\/2024\\\/10\\\/David-Alonso-VALRESA.jpeg\",\"contentUrl\":\"https:\\\/\\\/pruebasnitorlack.com\\\/wp-content\\\/uploads\\\/2024\\\/10\\\/David-Alonso-VALRESA.jpeg\",\"width\":780,\"height\":520,\"caption\":\"david alonso campeon del mundo\"},{\"@type\":\"BreadcrumbList\",\"@id\":\"https:\\\/\\\/pruebasnitorlack.com\\\/co\\\/david-alonso-se-proclama-campeon-del-mundo-de-moto3\\\/#breadcrumb\",\"itemListElement\":[{\"@type\":\"ListItem\",\"position\":1,\"name\":\"Portada\",\"item\":\"https:\\\/\\\/pruebasnitorlack.com\\\/co\\\/\"},{\"@type\":\"ListItem\",\"position\":2,\"name\":\"David Alonso se proclama campe\u00f3n del mundo de Moto3\"}]},{\"@type\":\"WebSite\",\"@id\":\"https:\\\/\\\/pruebasnitorlack.com\\\/co\\\/#website\",\"url\":\"https:\\\/\\\/pruebasnitorlack.com\\\/co\\\/\",\"name\":\"VALRESA\",\"description\":\"Barnices y pinturas para la madera\",\"potentialAction\":[{\"@type\":\"SearchAction\",\"target\":{\"@type\":\"EntryPoint\",\"urlTemplate\":\"https:\\\/\\\/pruebasnitorlack.com\\\/co\\\/?s={search_term_string}\"},\"query-input\":{\"@type\":\"PropertyValueSpecification\",\"valueRequired\":true,\"valueName\":\"search_term_string\"}}],\"inLanguage\":\"es-CO\"},{\"@type\":\"Person\",\"@id\":\"https:\\\/\\\/pruebasnitorlack.com\\\/co\\\/#\\\/schema\\\/person\\\/c4feb9f1e8b2d8bd3b9f96de2b35e092\",\"name\":\"valresa\"}]}<\/script>\n<!-- \/ Yoast SEO plugin. -->","yoast_head_json":{"title":"David Alonso se proclama campe\u00f3n del mundo de Moto3 - Valresa.com","description":"David Alonso ha alcanzado la gloria en el Campeonato del Mundo de Moto3, tras una temporada llena de emoci\u00f3n, entrega y superaci\u00f3n personal","robots":{"index":"noindex","follow":"follow","max-snippet":"max-snippet:-1","max-image-preview":"max-image-preview:large","max-video-preview":"max-video-preview:-1"},"og_locale":"es_ES","og_type":"article","og_title":"David Alonso se proclama campe\u00f3n del mundo de Moto3","og_description":"David Alonso ha alcanzado la gloria en el Campeonato del Mundo de Moto3, tras una temporada llena de emoci\u00f3n, entrega y superaci\u00f3n personal.","og_url":"https:\/\/pruebasnitorlack.com\/co\/david-alonso-se-proclama-campeon-del-mundo-de-moto3\/","og_site_name":"VALRESA","article_publisher":"https:\/\/www.facebook.com\/valresacoatings\/","article_published_time":"2024-10-14T09:28:23+00:00","article_modified_time":"2024-10-14T09:29:34+00:00","og_image":[{"width":780,"height":520,"url":"https:\/\/pruebasnitorlack.com\/wp-content\/uploads\/2024\/10\/David-Alonso-VALRESA.jpeg","type":"image\/jpeg"}],"author":"valresa","twitter_card":"summary_large_image","twitter_title":".","twitter_description":".","twitter_image":"https:\/\/pruebasnitorlack.com\/wp-content\/uploads\/2021\/07\/JM-Bomberos_2.jpg","twitter_misc":{"Escrito por":"valresa","Tiempo de lectura":"3 minutos"},"schema":{"@context":"https:\/\/schema.org","@graph":[{"@type":"Article","@id":"https:\/\/pruebasnitorlack.com\/co\/david-alonso-se-proclama-campeon-del-mundo-de-moto3\/#article","isPartOf":{"@id":"https:\/\/pruebasnitorlack.com\/co\/david-alonso-se-proclama-campeon-del-mundo-de-moto3\/"},"author":{"name":"valresa","@id":"https:\/\/pruebasnitorlack.com\/co\/#\/schema\/person\/c4feb9f1e8b2d8bd3b9f96de2b35e092"},"headline":"David Alonso se proclama campe\u00f3n del mundo de Moto3","datePublished":"2024-10-14T09:28:23+00:00","dateModified":"2024-10-14T09:29:34+00:00","mainEntityOfPage":{"@id":"https:\/\/pruebasnitorlack.com\/co\/david-alonso-se-proclama-campeon-del-mundo-de-moto3\/"},"wordCount":954,"image":{"@id":"https:\/\/pruebasnitorlack.com\/co\/david-alonso-se-proclama-campeon-del-mundo-de-moto3\/#primaryimage"},"thumbnailUrl":"https:\/\/pruebasnitorlack.com\/wp-content\/uploads\/2024\/10\/David-Alonso-VALRESA.jpeg","articleSection":["Social"],"inLanguage":"es-CO"},{"@type":"WebPage","@id":"https:\/\/pruebasnitorlack.com\/co\/david-alonso-se-proclama-campeon-del-mundo-de-moto3\/","url":"https:\/\/pruebasnitorlack.com\/co\/david-alonso-se-proclama-campeon-del-mundo-de-moto3\/","name":"David Alonso se proclama campe\u00f3n del mundo de Moto3 - Valresa.com","isPartOf":{"@id":"https:\/\/pruebasnitorlack.com\/co\/#website"},"primaryImageOfPage":{"@id":"https:\/\/pruebasnitorlack.com\/co\/david-alonso-se-proclama-campeon-del-mundo-de-moto3\/#primaryimage"},"image":{"@id":"https:\/\/pruebasnitorlack.com\/co\/david-alonso-se-proclama-campeon-del-mundo-de-moto3\/#primaryimage"},"thumbnailUrl":"https:\/\/pruebasnitorlack.com\/wp-content\/uploads\/2024\/10\/David-Alonso-VALRESA.jpeg","datePublished":"2024-10-14T09:28:23+00:00","dateModified":"2024-10-14T09:29:34+00:00","author":{"@id":"https:\/\/pruebasnitorlack.com\/co\/#\/schema\/person\/c4feb9f1e8b2d8bd3b9f96de2b35e092"},"description":"David Alonso ha alcanzado la gloria en el Campeonato del Mundo de Moto3, tras una temporada llena de emoci\u00f3n, entrega y superaci\u00f3n personal","breadcrumb":{"@id":"https:\/\/pruebasnitorlack.com\/co\/david-alonso-se-proclama-campeon-del-mundo-de-moto3\/#breadcrumb"},"inLanguage":"es-CO","potentialAction":[{"@type":"ReadAction","target":["https:\/\/pruebasnitorlack.com\/co\/david-alonso-se-proclama-campeon-del-mundo-de-moto3\/"]}]},{"@type":"ImageObject","inLanguage":"es-CO","@id":"https:\/\/pruebasnitorlack.com\/co\/david-alonso-se-proclama-campeon-del-mundo-de-moto3\/#primaryimage","url":"https:\/\/pruebasnitorlack.com\/wp-content\/uploads\/2024\/10\/David-Alonso-VALRESA.jpeg","contentUrl":"https:\/\/pruebasnitorlack.com\/wp-content\/uploads\/2024\/10\/David-Alonso-VALRESA.jpeg","width":780,"height":520,"caption":"david alonso campeon del mundo"},{"@type":"BreadcrumbList","@id":"https:\/\/pruebasnitorlack.com\/co\/david-alonso-se-proclama-campeon-del-mundo-de-moto3\/#breadcrumb","itemListElement":[{"@type":"ListItem","position":1,"name":"Portada","item":"https:\/\/pruebasnitorlack.com\/co\/"},{"@type":"ListItem","position":2,"name":"David Alonso se proclama campe\u00f3n del mundo de Moto3"}]},{"@type":"WebSite","@id":"https:\/\/pruebasnitorlack.com\/co\/#website","url":"https:\/\/pruebasnitorlack.com\/co\/","name":"VALRESA","description":"Barnices y pinturas para la madera","potentialAction":[{"@type":"SearchAction","target":{"@type":"EntryPoint","urlTemplate":"https:\/\/pruebasnitorlack.com\/co\/?s={search_term_string}"},"query-input":{"@type":"PropertyValueSpecification","valueRequired":true,"valueName":"search_term_string"}}],"inLanguage":"es-CO"},{"@type":"Person","@id":"https:\/\/pruebasnitorlack.com\/co\/#\/schema\/person\/c4feb9f1e8b2d8bd3b9f96de2b35e092","name":"valresa"}]}},"_links":{"self":[{"href":"https:\/\/pruebasnitorlack.com\/co\/wp-json\/wp\/v2\/posts\/22837","targetHints":{"allow":["GET"]}}],"collection":[{"href":"https:\/\/pruebasnitorlack.com\/co\/wp-json\/wp\/v2\/posts"}],"about":[{"href":"https:\/\/pruebasnitorlack.com\/co\/wp-json\/wp\/v2\/types\/post"}],"author":[{"embeddable":true,"href":"https:\/\/pruebasnitorlack.com\/co\/wp-json\/wp\/v2\/users\/1"}],"replies":[{"embeddable":true,"href":"https:\/\/pruebasnitorlack.com\/co\/wp-json\/wp\/v2\/comments?post=22837"}],"version-history":[{"count":1,"href":"https:\/\/pruebasnitorlack.com\/co\/wp-json\/wp\/v2\/posts\/22837\/revisions"}],"predecessor-version":[{"id":22847,"href":"https:\/\/pruebasnitorlack.com\/co\/wp-json\/wp\/v2\/posts\/22837\/revisions\/22847"}],"wp:featuredmedia":[{"embeddable":true,"href":"https:\/\/pruebasnitorlack.com\/co\/wp-json\/wp\/v2\/media\/22840"}],"wp:attachment":[{"href":"https:\/\/pruebasnitorlack.com\/co\/wp-json\/wp\/v2\/media?parent=22837"}],"wp:term":[{"taxonomy":"category","embeddable":true,"href":"https:\/\/pruebasnitorlack.com\/co\/wp-json\/wp\/v2\/categories?post=22837"},{"taxonomy":"post_tag","embeddable":true,"href":"https:\/\/pruebasnitorlack.com\/co\/wp-json\/wp\/v2\/tags?post=22837"}],"curies":[{"name":"wp","href":"https:\/\/api.w.org\/{rel}","templated":true}]}}