{"id":22349,"date":"2023-08-16T09:40:06","date_gmt":"2023-08-16T09:40:06","guid":{"rendered":"https:\/\/pruebasnitorlack.com\/llega-nuestra-primera-victoria-de-la-temporada-en-moto-3\/"},"modified":"2023-08-17T23:34:50","modified_gmt":"2023-08-17T23:34:50","slug":"llega-nuestra-primera-victoria-de-la-temporada-en-moto-3","status":"publish","type":"post","link":"https:\/\/pruebasnitorlack.com\/co\/llega-nuestra-primera-victoria-de-la-temporada-en-moto-3\/","title":{"rendered":"El colombiano David Alonso consigue nuestra primera victoria de la temporada en moto 3"},"content":{"rendered":"[vc_row type=&#8221;in_container&#8221; full_screen_row_position=&#8221;middle&#8221; column_margin=&#8221;default&#8221; column_direction=&#8221;default&#8221; column_direction_tablet=&#8221;default&#8221; column_direction_phone=&#8221;default&#8221; scene_position=&#8221;center&#8221; text_color=&#8221;dark&#8221; text_align=&#8221;left&#8221; row_border_radius=&#8221;none&#8221; row_border_radius_applies=&#8221;bg&#8221; overflow=&#8221;visible&#8221; overlay_strength=&#8221;0.3&#8243; gradient_direction=&#8221;left_to_right&#8221; shape_divider_position=&#8221;bottom&#8221; bg_image_animation=&#8221;none&#8221;][vc_column column_padding=&#8221;no-extra-padding&#8221; column_padding_tablet=&#8221;inherit&#8221; column_padding_phone=&#8221;inherit&#8221; column_padding_position=&#8221;all&#8221; column_element_spacing=&#8221;default&#8221; background_color_opacity=&#8221;1&#8243; background_hover_color_opacity=&#8221;1&#8243; column_shadow=&#8221;none&#8221; column_border_radius=&#8221;none&#8221; column_link_target=&#8221;_self&#8221; column_position=&#8221;default&#8221; gradient_direction=&#8221;left_to_right&#8221; overlay_strength=&#8221;0.3&#8243; width=&#8221;1\/1&#8243; tablet_width_inherit=&#8221;default&#8221; tablet_text_alignment=&#8221;default&#8221; phone_text_alignment=&#8221;default&#8221; animation_type=&#8221;default&#8221; bg_image_animation=&#8221;none&#8221; border_type=&#8221;simple&#8221; column_border_width=&#8221;none&#8221; column_border_style=&#8221;solid&#8221;][vc_column_text]\n<h2>El colombiano David Alonso consigue nuestra primera victoria de la temporada en moto 3<\/h2>\n[\/vc_column_text][\/vc_column][\/vc_row][vc_row type=&#8221;in_container&#8221; full_screen_row_position=&#8221;middle&#8221; column_margin=&#8221;default&#8221; column_direction=&#8221;default&#8221; column_direction_tablet=&#8221;default&#8221; column_direction_phone=&#8221;default&#8221; scene_position=&#8221;center&#8221; text_color=&#8221;dark&#8221; text_align=&#8221;left&#8221; row_border_radius=&#8221;none&#8221; row_border_radius_applies=&#8221;bg&#8221; overflow=&#8221;visible&#8221; overlay_strength=&#8221;0.3&#8243; gradient_direction=&#8221;left_to_right&#8221; shape_divider_position=&#8221;bottom&#8221; bg_image_animation=&#8221;none&#8221;][vc_column column_padding=&#8221;no-extra-padding&#8221; column_padding_tablet=&#8221;inherit&#8221; column_padding_phone=&#8221;inherit&#8221; column_padding_position=&#8221;all&#8221; column_element_spacing=&#8221;default&#8221; background_color_opacity=&#8221;1&#8243; background_hover_color_opacity=&#8221;1&#8243; column_shadow=&#8221;none&#8221; column_border_radius=&#8221;none&#8221; column_link_target=&#8221;_self&#8221; column_position=&#8221;default&#8221; gradient_direction=&#8221;left_to_right&#8221; overlay_strength=&#8221;0.3&#8243; width=&#8221;1\/1&#8243; tablet_width_inherit=&#8221;default&#8221; tablet_text_alignment=&#8221;default&#8221; phone_text_alignment=&#8221;default&#8221; animation_type=&#8221;default&#8221; bg_image_animation=&#8221;none&#8221; border_type=&#8221;simple&#8221; column_border_width=&#8221;none&#8221; column_border_style=&#8221;solid&#8221;][vc_column_text][\/vc_column_text][vc_column_text]Desde Valresa nos complace compartir con vosotros la victoria del colombiano David Alonso en el Mundial de Moto GP, en la categor\u00eda de Moto3. Se trata de la primera victoria para Colombia en esta competici\u00f3n, y lo ha hecho con el equipo GASGAS Aspar Team, escuder\u00eda espa\u00f1ola que en Valresa esponsorizamos desde 2018.<\/p>\n<p>Era la primera vez que el joven de diecisiete a\u00f1os compet\u00eda en el circuito de Silverstone. El d\u00eda anterior, en el cronometrado, no consigui\u00f3 finalizar ninguna vuelta, y por este motivo tuvo que salir en el \u00faltimo puesto. Esto no desanim\u00f3 a Alonso, y as\u00ed lo expresaba: \u00abSal\u00eda desde muy atr\u00e1s y sab\u00eda que eso me iba a complicar la carrera. Hoy me he levantado y me he dicho a m\u00ed mismo: &#8220;Puedes hacerlo&#8230;&#8221;. He cre\u00eddo en m\u00ed y me he centrado en una sola cosa: llegar lo m\u00e1s fuerte posible a la l\u00ednea de meta\u00bb.<\/p>\n<p>Con la cabeza fr\u00eda, y una gran dosis de confianza, el joven piloto realiz\u00f3 una proeza pocas veces vista en una competici\u00f3n de estas caracter\u00edsticas. Despu\u00e9s de tres vueltas, hab\u00eda remontado veintisiete posiciones, y se colocaba en el segundo puesto, batallando con pilotos como Dani Holgado, Deniz Onc\u00fc, Ayumu Sasaki o Iv\u00e1n Ortol\u00e1. Despu\u00e9s de un emocionante intercambio de posiciones, en el que Alonso no perdi\u00f3 la concentraci\u00f3n en ning\u00fan momento, cruz\u00f3 la l\u00ednea de meta coron\u00e1ndose con el primer puesto.<\/p>\n<p>El colombiano consegu\u00eda as\u00ed su primera victoria de carrera. Pero no solo eso, sino que, gracias a esta carrera, se ha convertido en el mejor debutante de la categor\u00eda, y sexto en la clasificaci\u00f3n general. As\u00ed se expresaba tras su victoria: \u00abGanar mi primera carrera es impresionante. Quiero dedicar esta victoria a mi equipo, porque trabajan mucho, pero tambi\u00e9n a mi familia y a mis amigos\u00bb.<\/p>\n<p>David Alonso ha reflejado con esta haza\u00f1a un ejemplo de deportividad, esp\u00edritu competitivo, trabajo en equipo y, sobre todo, lo importante que es no rendirse y perseverar. Son grandes valores que en Valresa apoyamos y tratamos de aplicar d\u00eda tras d\u00eda; creemos que la clave est\u00e1 en creer en lo que hacemos y tener la confianza de llevarlo adelante.<\/p>\n<p>Por todo ello, no podemos sino sentirnos plenamente orgullosos de que proyectos en los que creemos plenamente consigan el \u00e9xito. Desde Valresa seguiremos apoyando el deporte y este esp\u00edritu de competici\u00f3n y de equipo, algo que creemos fundamental para crecer.<\/p>\n<p>Nuestra m\u00e1s sincera enhorabuena a David Alonso y a Colombia, esperamos que esto solo sea el principio de una larga y exitosa carrera.[\/vc_column_text][\/vc_column][\/vc_row][vc_row type=&#8221;full_width_content&#8221; full_screen_row_position=&#8221;middle&#8221; column_margin=&#8221;default&#8221; column_direction=&#8221;default&#8221; column_direction_tablet=&#8221;default&#8221; column_direction_phone=&#8221;default&#8221; scene_position=&#8221;center&#8221; text_color=&#8221;dark&#8221; text_align=&#8221;left&#8221; row_border_radius=&#8221;none&#8221; row_border_radius_applies=&#8221;bg&#8221; overflow=&#8221;visible&#8221; overlay_strength=&#8221;0.3&#8243; gradient_direction=&#8221;left_to_right&#8221; shape_divider_position=&#8221;bottom&#8221; bg_image_animation=&#8221;none&#8221; shape_type=&#8221;&#8221;][vc_column column_padding=&#8221;padding-7-percent&#8221; column_padding_tablet=&#8221;inherit&#8221; column_padding_phone=&#8221;inherit&#8221; column_padding_position=&#8221;all&#8221; top_margin=&#8221;-6%&#8221; column_element_spacing=&#8221;default&#8221; centered_text=&#8221;true&#8221; background_color_opacity=&#8221;1&#8243; background_hover_color_opacity=&#8221;1&#8243; column_shadow=&#8221;none&#8221; column_border_radius=&#8221;none&#8221; column_link_target=&#8221;_self&#8221; column_position=&#8221;default&#8221; gradient_direction=&#8221;left_to_right&#8221; overlay_strength=&#8221;0.3&#8243; width=&#8221;1\/1&#8243; tablet_width_inherit=&#8221;default&#8221; tablet_text_alignment=&#8221;default&#8221; phone_text_alignment=&#8221;default&#8221; animation_type=&#8221;default&#8221; bg_image_animation=&#8221;none&#8221; border_type=&#8221;simple&#8221; column_border_width=&#8221;none&#8221; column_border_style=&#8221;solid&#8221;][image_with_animation image_url=&#8221;22336&#8243; image_size=&#8221;large&#8221; animation_type=&#8221;entrance&#8221; animation=&#8221;Fade In&#8221; hover_animation=&#8221;none&#8221; alignment=&#8221;&#8221; img_link_large=&#8221;yes&#8221; border_radius=&#8221;none&#8221; box_shadow=&#8221;none&#8221; image_loading=&#8221;default&#8221; max_width=&#8221;100%&#8221; max_width_mobile=&#8221;default&#8221;][\/vc_column][\/vc_row]\n","protected":false},"excerpt":{"rendered":"<p>Desde Valresa nos complace compartir con vosotros la victoria del colombiano David Alonso en el Mundial de Moto GP, en la categor\u00eda de Moto3. Se trata de la primera victoria para Colombia en esta competici\u00f3n, y lo ha hecho con el equipo GASGAS Aspar Team, escuder\u00eda espa\u00f1ola que en Valresa esponsorizamos desde 2018.<\/p>\n","protected":false},"author":1,"featured_media":22337,"comment_status":"closed","ping_status":"closed","sticky":false,"template":"","format":"standard","meta":{"_joinchat":[],"footnotes":""},"categories":[163],"tags":[],"class_list":{"0":"post-22349","1":"post","2":"type-post","3":"status-publish","4":"format-standard","5":"has-post-thumbnail","7":"category-social-co"},"yoast_head":"<!-- This site is optimized with the Yoast SEO plugin v27.4 - https:\/\/yoast.com\/product\/yoast-seo-wordpress\/ -->\n<title>El colombiano David Alonso consigue nuestra primera victoria de la temporada en moto 3 - Valresa.com<\/title>\n<meta name=\"description\" content=\".\" \/>\n<meta name=\"robots\" content=\"noindex, follow, max-snippet:-1, max-image-preview:large, max-video-preview:-1\" \/>\n<meta property=\"og:locale\" content=\"es_ES\" \/>\n<meta property=\"og:type\" content=\"article\" \/>\n<meta property=\"og:title\" content=\".\" \/>\n<meta property=\"og:description\" content=\".\" \/>\n<meta property=\"og:url\" content=\"https:\/\/pruebasnitorlack.com\/co\/llega-nuestra-primera-victoria-de-la-temporada-en-moto-3\/\" \/>\n<meta property=\"og:site_name\" content=\"VALRESA\" \/>\n<meta property=\"article:publisher\" content=\"https:\/\/www.facebook.com\/valresacoatings\/\" \/>\n<meta property=\"article:published_time\" content=\"2023-08-16T09:40:06+00:00\" \/>\n<meta property=\"article:modified_time\" content=\"2023-08-17T23:34:50+00:00\" \/>\n<meta property=\"og:image\" content=\"https:\/\/pruebasnitorlack.com\/wp-content\/uploads\/2021\/07\/JM-Bomberos_2.jpg\" \/>\n<meta name=\"author\" content=\"valresa\" \/>\n<meta name=\"twitter:card\" content=\"summary_large_image\" \/>\n<meta name=\"twitter:title\" content=\".\" \/>\n<meta name=\"twitter:description\" content=\".\" \/>\n<meta name=\"twitter:image\" content=\"https:\/\/pruebasnitorlack.com\/wp-content\/uploads\/2021\/07\/JM-Bomberos_2.jpg\" \/>\n<meta name=\"twitter:label1\" content=\"Escrito por\" \/>\n\t<meta name=\"twitter:data1\" content=\"valresa\" \/>\n\t<meta name=\"twitter:label2\" content=\"Tiempo de lectura\" \/>\n\t<meta name=\"twitter:data2\" content=\"5 minutos\" \/>\n<script type=\"application\/ld+json\" class=\"yoast-schema-graph\">{\"@context\":\"https:\\\/\\\/schema.org\",\"@graph\":[{\"@type\":\"Article\",\"@id\":\"https:\\\/\\\/pruebasnitorlack.com\\\/co\\\/llega-nuestra-primera-victoria-de-la-temporada-en-moto-3\\\/#article\",\"isPartOf\":{\"@id\":\"https:\\\/\\\/pruebasnitorlack.com\\\/co\\\/llega-nuestra-primera-victoria-de-la-temporada-en-moto-3\\\/\"},\"author\":{\"name\":\"valresa\",\"@id\":\"https:\\\/\\\/pruebasnitorlack.com\\\/co\\\/#\\\/schema\\\/person\\\/c4feb9f1e8b2d8bd3b9f96de2b35e092\"},\"headline\":\"El colombiano David Alonso consigue nuestra primera victoria de la temporada en moto 3\",\"datePublished\":\"2023-08-16T09:40:06+00:00\",\"dateModified\":\"2023-08-17T23:34:50+00:00\",\"mainEntityOfPage\":{\"@id\":\"https:\\\/\\\/pruebasnitorlack.com\\\/co\\\/llega-nuestra-primera-victoria-de-la-temporada-en-moto-3\\\/\"},\"wordCount\":972,\"image\":{\"@id\":\"https:\\\/\\\/pruebasnitorlack.com\\\/co\\\/llega-nuestra-primera-victoria-de-la-temporada-en-moto-3\\\/#primaryimage\"},\"thumbnailUrl\":\"https:\\\/\\\/pruebasnitorlack.com\\\/wp-content\\\/uploads\\\/2023\\\/08\\\/thumb_27421_newsletter_xlarge-1-scaled.jpeg\",\"articleSection\":[\"Social\"],\"inLanguage\":\"es-CO\"},{\"@type\":\"WebPage\",\"@id\":\"https:\\\/\\\/pruebasnitorlack.com\\\/co\\\/llega-nuestra-primera-victoria-de-la-temporada-en-moto-3\\\/\",\"url\":\"https:\\\/\\\/pruebasnitorlack.com\\\/co\\\/llega-nuestra-primera-victoria-de-la-temporada-en-moto-3\\\/\",\"name\":\"El colombiano David Alonso consigue nuestra primera victoria de la temporada en moto 3 - Valresa.com\",\"isPartOf\":{\"@id\":\"https:\\\/\\\/pruebasnitorlack.com\\\/co\\\/#website\"},\"primaryImageOfPage\":{\"@id\":\"https:\\\/\\\/pruebasnitorlack.com\\\/co\\\/llega-nuestra-primera-victoria-de-la-temporada-en-moto-3\\\/#primaryimage\"},\"image\":{\"@id\":\"https:\\\/\\\/pruebasnitorlack.com\\\/co\\\/llega-nuestra-primera-victoria-de-la-temporada-en-moto-3\\\/#primaryimage\"},\"thumbnailUrl\":\"https:\\\/\\\/pruebasnitorlack.com\\\/wp-content\\\/uploads\\\/2023\\\/08\\\/thumb_27421_newsletter_xlarge-1-scaled.jpeg\",\"datePublished\":\"2023-08-16T09:40:06+00:00\",\"dateModified\":\"2023-08-17T23:34:50+00:00\",\"author\":{\"@id\":\"https:\\\/\\\/pruebasnitorlack.com\\\/co\\\/#\\\/schema\\\/person\\\/c4feb9f1e8b2d8bd3b9f96de2b35e092\"},\"description\":\".\",\"breadcrumb\":{\"@id\":\"https:\\\/\\\/pruebasnitorlack.com\\\/co\\\/llega-nuestra-primera-victoria-de-la-temporada-en-moto-3\\\/#breadcrumb\"},\"inLanguage\":\"es-CO\",\"potentialAction\":[{\"@type\":\"ReadAction\",\"target\":[\"https:\\\/\\\/pruebasnitorlack.com\\\/co\\\/llega-nuestra-primera-victoria-de-la-temporada-en-moto-3\\\/\"]}]},{\"@type\":\"ImageObject\",\"inLanguage\":\"es-CO\",\"@id\":\"https:\\\/\\\/pruebasnitorlack.com\\\/co\\\/llega-nuestra-primera-victoria-de-la-temporada-en-moto-3\\\/#primaryimage\",\"url\":\"https:\\\/\\\/pruebasnitorlack.com\\\/wp-content\\\/uploads\\\/2023\\\/08\\\/thumb_27421_newsletter_xlarge-1-scaled.jpeg\",\"contentUrl\":\"https:\\\/\\\/pruebasnitorlack.com\\\/wp-content\\\/uploads\\\/2023\\\/08\\\/thumb_27421_newsletter_xlarge-1-scaled.jpeg\",\"width\":2048,\"height\":1365,\"caption\":\"vcitoria de david alonso en moto 3\"},{\"@type\":\"BreadcrumbList\",\"@id\":\"https:\\\/\\\/pruebasnitorlack.com\\\/co\\\/llega-nuestra-primera-victoria-de-la-temporada-en-moto-3\\\/#breadcrumb\",\"itemListElement\":[{\"@type\":\"ListItem\",\"position\":1,\"name\":\"Portada\",\"item\":\"https:\\\/\\\/pruebasnitorlack.com\\\/co\\\/\"},{\"@type\":\"ListItem\",\"position\":2,\"name\":\"El colombiano David Alonso consigue nuestra primera victoria de la temporada en moto 3\"}]},{\"@type\":\"WebSite\",\"@id\":\"https:\\\/\\\/pruebasnitorlack.com\\\/co\\\/#website\",\"url\":\"https:\\\/\\\/pruebasnitorlack.com\\\/co\\\/\",\"name\":\"VALRESA\",\"description\":\"Barnices y pinturas para la madera\",\"potentialAction\":[{\"@type\":\"SearchAction\",\"target\":{\"@type\":\"EntryPoint\",\"urlTemplate\":\"https:\\\/\\\/pruebasnitorlack.com\\\/co\\\/?s={search_term_string}\"},\"query-input\":{\"@type\":\"PropertyValueSpecification\",\"valueRequired\":true,\"valueName\":\"search_term_string\"}}],\"inLanguage\":\"es-CO\"},{\"@type\":\"Person\",\"@id\":\"https:\\\/\\\/pruebasnitorlack.com\\\/co\\\/#\\\/schema\\\/person\\\/c4feb9f1e8b2d8bd3b9f96de2b35e092\",\"name\":\"valresa\"}]}<\/script>\n<!-- \/ Yoast SEO plugin. -->","yoast_head_json":{"title":"El colombiano David Alonso consigue nuestra primera victoria de la temporada en moto 3 - Valresa.com","description":".","robots":{"index":"noindex","follow":"follow","max-snippet":"max-snippet:-1","max-image-preview":"max-image-preview:large","max-video-preview":"max-video-preview:-1"},"og_locale":"es_ES","og_type":"article","og_title":".","og_description":".","og_url":"https:\/\/pruebasnitorlack.com\/co\/llega-nuestra-primera-victoria-de-la-temporada-en-moto-3\/","og_site_name":"VALRESA","article_publisher":"https:\/\/www.facebook.com\/valresacoatings\/","article_published_time":"2023-08-16T09:40:06+00:00","article_modified_time":"2023-08-17T23:34:50+00:00","og_image":[{"url":"https:\/\/pruebasnitorlack.com\/wp-content\/uploads\/2021\/07\/JM-Bomberos_2.jpg","type":"","width":"","height":""}],"author":"valresa","twitter_card":"summary_large_image","twitter_title":".","twitter_description":".","twitter_image":"https:\/\/pruebasnitorlack.com\/wp-content\/uploads\/2021\/07\/JM-Bomberos_2.jpg","twitter_misc":{"Escrito por":"valresa","Tiempo de lectura":"5 minutos"},"schema":{"@context":"https:\/\/schema.org","@graph":[{"@type":"Article","@id":"https:\/\/pruebasnitorlack.com\/co\/llega-nuestra-primera-victoria-de-la-temporada-en-moto-3\/#article","isPartOf":{"@id":"https:\/\/pruebasnitorlack.com\/co\/llega-nuestra-primera-victoria-de-la-temporada-en-moto-3\/"},"author":{"name":"valresa","@id":"https:\/\/pruebasnitorlack.com\/co\/#\/schema\/person\/c4feb9f1e8b2d8bd3b9f96de2b35e092"},"headline":"El colombiano David Alonso consigue nuestra primera victoria de la temporada en moto 3","datePublished":"2023-08-16T09:40:06+00:00","dateModified":"2023-08-17T23:34:50+00:00","mainEntityOfPage":{"@id":"https:\/\/pruebasnitorlack.com\/co\/llega-nuestra-primera-victoria-de-la-temporada-en-moto-3\/"},"wordCount":972,"image":{"@id":"https:\/\/pruebasnitorlack.com\/co\/llega-nuestra-primera-victoria-de-la-temporada-en-moto-3\/#primaryimage"},"thumbnailUrl":"https:\/\/pruebasnitorlack.com\/wp-content\/uploads\/2023\/08\/thumb_27421_newsletter_xlarge-1-scaled.jpeg","articleSection":["Social"],"inLanguage":"es-CO"},{"@type":"WebPage","@id":"https:\/\/pruebasnitorlack.com\/co\/llega-nuestra-primera-victoria-de-la-temporada-en-moto-3\/","url":"https:\/\/pruebasnitorlack.com\/co\/llega-nuestra-primera-victoria-de-la-temporada-en-moto-3\/","name":"El colombiano David Alonso consigue nuestra primera victoria de la temporada en moto 3 - Valresa.com","isPartOf":{"@id":"https:\/\/pruebasnitorlack.com\/co\/#website"},"primaryImageOfPage":{"@id":"https:\/\/pruebasnitorlack.com\/co\/llega-nuestra-primera-victoria-de-la-temporada-en-moto-3\/#primaryimage"},"image":{"@id":"https:\/\/pruebasnitorlack.com\/co\/llega-nuestra-primera-victoria-de-la-temporada-en-moto-3\/#primaryimage"},"thumbnailUrl":"https:\/\/pruebasnitorlack.com\/wp-content\/uploads\/2023\/08\/thumb_27421_newsletter_xlarge-1-scaled.jpeg","datePublished":"2023-08-16T09:40:06+00:00","dateModified":"2023-08-17T23:34:50+00:00","author":{"@id":"https:\/\/pruebasnitorlack.com\/co\/#\/schema\/person\/c4feb9f1e8b2d8bd3b9f96de2b35e092"},"description":".","breadcrumb":{"@id":"https:\/\/pruebasnitorlack.com\/co\/llega-nuestra-primera-victoria-de-la-temporada-en-moto-3\/#breadcrumb"},"inLanguage":"es-CO","potentialAction":[{"@type":"ReadAction","target":["https:\/\/pruebasnitorlack.com\/co\/llega-nuestra-primera-victoria-de-la-temporada-en-moto-3\/"]}]},{"@type":"ImageObject","inLanguage":"es-CO","@id":"https:\/\/pruebasnitorlack.com\/co\/llega-nuestra-primera-victoria-de-la-temporada-en-moto-3\/#primaryimage","url":"https:\/\/pruebasnitorlack.com\/wp-content\/uploads\/2023\/08\/thumb_27421_newsletter_xlarge-1-scaled.jpeg","contentUrl":"https:\/\/pruebasnitorlack.com\/wp-content\/uploads\/2023\/08\/thumb_27421_newsletter_xlarge-1-scaled.jpeg","width":2048,"height":1365,"caption":"vcitoria de david alonso en moto 3"},{"@type":"BreadcrumbList","@id":"https:\/\/pruebasnitorlack.com\/co\/llega-nuestra-primera-victoria-de-la-temporada-en-moto-3\/#breadcrumb","itemListElement":[{"@type":"ListItem","position":1,"name":"Portada","item":"https:\/\/pruebasnitorlack.com\/co\/"},{"@type":"ListItem","position":2,"name":"El colombiano David Alonso consigue nuestra primera victoria de la temporada en moto 3"}]},{"@type":"WebSite","@id":"https:\/\/pruebasnitorlack.com\/co\/#website","url":"https:\/\/pruebasnitorlack.com\/co\/","name":"VALRESA","description":"Barnices y pinturas para la madera","potentialAction":[{"@type":"SearchAction","target":{"@type":"EntryPoint","urlTemplate":"https:\/\/pruebasnitorlack.com\/co\/?s={search_term_string}"},"query-input":{"@type":"PropertyValueSpecification","valueRequired":true,"valueName":"search_term_string"}}],"inLanguage":"es-CO"},{"@type":"Person","@id":"https:\/\/pruebasnitorlack.com\/co\/#\/schema\/person\/c4feb9f1e8b2d8bd3b9f96de2b35e092","name":"valresa"}]}},"_links":{"self":[{"href":"https:\/\/pruebasnitorlack.com\/co\/wp-json\/wp\/v2\/posts\/22349","targetHints":{"allow":["GET"]}}],"collection":[{"href":"https:\/\/pruebasnitorlack.com\/co\/wp-json\/wp\/v2\/posts"}],"about":[{"href":"https:\/\/pruebasnitorlack.com\/co\/wp-json\/wp\/v2\/types\/post"}],"author":[{"embeddable":true,"href":"https:\/\/pruebasnitorlack.com\/co\/wp-json\/wp\/v2\/users\/1"}],"replies":[{"embeddable":true,"href":"https:\/\/pruebasnitorlack.com\/co\/wp-json\/wp\/v2\/comments?post=22349"}],"version-history":[{"count":3,"href":"https:\/\/pruebasnitorlack.com\/co\/wp-json\/wp\/v2\/posts\/22349\/revisions"}],"predecessor-version":[{"id":22353,"href":"https:\/\/pruebasnitorlack.com\/co\/wp-json\/wp\/v2\/posts\/22349\/revisions\/22353"}],"wp:featuredmedia":[{"embeddable":true,"href":"https:\/\/pruebasnitorlack.com\/co\/wp-json\/wp\/v2\/media\/22337"}],"wp:attachment":[{"href":"https:\/\/pruebasnitorlack.com\/co\/wp-json\/wp\/v2\/media?parent=22349"}],"wp:term":[{"taxonomy":"category","embeddable":true,"href":"https:\/\/pruebasnitorlack.com\/co\/wp-json\/wp\/v2\/categories?post=22349"},{"taxonomy":"post_tag","embeddable":true,"href":"https:\/\/pruebasnitorlack.com\/co\/wp-json\/wp\/v2\/tags?post=22349"}],"curies":[{"name":"wp","href":"https:\/\/api.w.org\/{rel}","templated":true}]}}