{"id":19018,"date":"2020-10-13T07:35:33","date_gmt":"2020-10-13T07:35:33","guid":{"rendered":"https:\/\/pruebasnitorlack.com\/?p=19018"},"modified":"2020-10-13T07:37:58","modified_gmt":"2020-10-13T07:37:58","slug":"albert-arenas-recupera-el-liderato-para-el-valresa-aspar-team","status":"publish","type":"post","link":"https:\/\/pruebasnitorlack.com\/co\/albert-arenas-recupera-el-liderato-para-el-valresa-aspar-team\/","title":{"rendered":"Albert Arenas recupera el liderato para el Valresa Aspar Team."},"content":{"rendered":"[vc_row type=&#8221;in_container&#8221; full_screen_row_position=&#8221;middle&#8221; scene_position=&#8221;center&#8221; text_color=&#8221;dark&#8221; text_align=&#8221;left&#8221; overlay_strength=&#8221;0.3&#8243; shape_divider_position=&#8221;bottom&#8221;][vc_column column_padding=&#8221;no-extra-padding&#8221; column_padding_position=&#8221;all&#8221; background_color_opacity=&#8221;1&#8243; background_hover_color_opacity=&#8221;1&#8243; column_link_target=&#8221;_self&#8221; column_shadow=&#8221;none&#8221; column_border_radius=&#8221;none&#8221; width=&#8221;1\/1&#8243; tablet_width_inherit=&#8221;default&#8221; tablet_text_alignment=&#8221;default&#8221; phone_text_alignment=&#8221;default&#8221; column_border_width=&#8221;none&#8221; column_border_style=&#8221;solid&#8221;][vc_column_text]\n<h2>Albert Arenas recupera el liderato para el Valresa Aspar Team.<\/h2>\n[\/vc_column_text][\/vc_column][\/vc_row][vc_row type=&#8221;in_container&#8221; full_screen_row_position=&#8221;middle&#8221; scene_position=&#8221;center&#8221; text_color=&#8221;dark&#8221; text_align=&#8221;left&#8221; overlay_strength=&#8221;0.3&#8243; shape_divider_position=&#8221;bottom&#8221;][vc_column column_padding=&#8221;no-extra-padding&#8221; column_padding_position=&#8221;all&#8221; background_color_opacity=&#8221;1&#8243; background_hover_color_opacity=&#8221;1&#8243; column_link_target=&#8221;_self&#8221; column_shadow=&#8221;none&#8221; column_border_radius=&#8221;none&#8221; width=&#8221;1\/1&#8243; tablet_width_inherit=&#8221;default&#8221; tablet_text_alignment=&#8221;default&#8221; phone_text_alignment=&#8221;default&#8221; column_border_width=&#8221;none&#8221; column_border_style=&#8221;solid&#8221;][vc_column_text]Despu\u00e9s de una carrera muy disputada en la ronda francesa del circuito de Le Mans, donde Albert en todo momento se mantuvo rodando con el grupo que encabezaba la carrera, logr\u00f3 un podi\u00fam subiendo al tercer puesto del caj\u00f3n, lo que le permiti\u00f3 recuperar el liderato de moto3.<\/p>\n<p>Un gran trabajo de todo el equipo este fin de semana que da su frutos con esfuerzo y voluntad de superaci\u00f3n.[\/vc_column_text][\/vc_column][\/vc_row][vc_row type=&#8221;full_width_content&#8221; full_screen_row_position=&#8221;middle&#8221; scene_position=&#8221;center&#8221; text_color=&#8221;dark&#8221; text_align=&#8221;left&#8221; overlay_strength=&#8221;0.3&#8243; shape_divider_position=&#8221;bottom&#8221; shape_type=&#8221;&#8221;][vc_column centered_text=&#8221;true&#8221; column_padding=&#8221;padding-7-percent&#8221; column_padding_position=&#8221;all&#8221; background_color_opacity=&#8221;1&#8243; background_hover_color_opacity=&#8221;1&#8243; column_link_target=&#8221;_self&#8221; column_shadow=&#8221;none&#8221; column_border_radius=&#8221;none&#8221; top_margin=&#8221;-6%&#8221; width=&#8221;1\/1&#8243; tablet_width_inherit=&#8221;default&#8221; tablet_text_alignment=&#8221;default&#8221; phone_text_alignment=&#8221;default&#8221; column_border_width=&#8221;none&#8221; column_border_style=&#8221;solid&#8221;][image_with_animation image_url=&#8221;19021&#8243; alignment=&#8221;&#8221; animation=&#8221;Fade In&#8221; img_link_large=&#8221;yes&#8221; border_radius=&#8221;none&#8221; box_shadow=&#8221;none&#8221; max_width=&#8221;100%&#8221;][\/vc_column][\/vc_row]\n","protected":false},"excerpt":{"rendered":"<p>Despu\u00e9s de una carrera muy disputada en la ronda Francesa del circuito de Le Mans, Albert arenas recupera el L\u00edderato del Capeonato del mundo de Moto3<\/p>\n","protected":false},"author":1,"featured_media":19021,"comment_status":"closed","ping_status":"closed","sticky":false,"template":"","format":"standard","meta":{"_joinchat":[],"footnotes":""},"categories":[106],"tags":[],"class_list":{"0":"post-19018","1":"post","2":"type-post","3":"status-publish","4":"format-standard","5":"has-post-thumbnail","7":"category-uncategorized-co"},"yoast_head":"<!-- This site is optimized with the Yoast SEO plugin v27.4 - https:\/\/yoast.com\/product\/yoast-seo-wordpress\/ -->\n<title>Albert Arenas recupera el liderato para el Valresa Aspar Team. - Valresa.com<\/title>\n<meta name=\"description\" content=\"Despu\u00e9s de una carrera muy disputada en la ronda Francesa del circuito de Le Mans, Albert arenas recupera el L\u00edderato del Capeonato del mundo de Moto3\" \/>\n<meta name=\"robots\" content=\"noindex, follow, max-snippet:-1, max-image-preview:large, max-video-preview:-1\" \/>\n<meta property=\"og:locale\" content=\"es_ES\" \/>\n<meta property=\"og:type\" content=\"article\" \/>\n<meta property=\"og:title\" content=\"Albert Arenas recupera el liderato para el Valresa Aspar Team.\" \/>\n<meta property=\"og:description\" content=\"Despu\u00e9s de una carrera muy disputada en la ronda Francesa del circuito de Le Mans, Albert arenas recupera el L\u00edderato del Capeonato del mundo de Moto3\" \/>\n<meta property=\"og:url\" content=\"https:\/\/pruebasnitorlack.com\/co\/albert-arenas-recupera-el-liderato-para-el-valresa-aspar-team\/\" \/>\n<meta property=\"og:site_name\" content=\"VALRESA\" \/>\n<meta property=\"article:publisher\" content=\"https:\/\/www.facebook.com\/valresacoatings\/\" \/>\n<meta property=\"article:published_time\" content=\"2020-10-13T07:35:33+00:00\" \/>\n<meta property=\"article:modified_time\" content=\"2020-10-13T07:37:58+00:00\" \/>\n<meta property=\"og:image\" content=\"https:\/\/pruebasnitorlack.com\/wp-content\/uploads\/2020\/10\/Valresa.-Aspar-Team_1.jpg\" \/>\n\t<meta property=\"og:image:width\" content=\"2048\" \/>\n\t<meta property=\"og:image:height\" content=\"1365\" \/>\n\t<meta property=\"og:image:type\" content=\"image\/jpeg\" \/>\n<meta name=\"author\" content=\"valresa\" \/>\n<meta name=\"twitter:card\" content=\"summary_large_image\" \/>\n<meta name=\"twitter:title\" content=\"Albert Arenas recupera el liderato para el Valresa Aspar Team.\" \/>\n<meta name=\"twitter:description\" content=\"Despu\u00e9s de una carrera muy disputada en la ronda Francesa del circuito de Le Mans, Albert arenas recupera el L\u00edderato del Capeonato del mundo de Moto3\" \/>\n<meta name=\"twitter:image\" content=\"https:\/\/pruebasnitorlack.com\/wp-content\/uploads\/2020\/10\/Valresa.-Aspar-Team_1.jpg\" \/>\n<meta name=\"twitter:label1\" content=\"Escrito por\" \/>\n\t<meta name=\"twitter:data1\" content=\"valresa\" \/>\n\t<meta name=\"twitter:label2\" content=\"Tiempo de lectura\" \/>\n\t<meta name=\"twitter:data2\" content=\"2 minutos\" \/>\n<script type=\"application\/ld+json\" class=\"yoast-schema-graph\">{\"@context\":\"https:\\\/\\\/schema.org\",\"@graph\":[{\"@type\":\"Article\",\"@id\":\"https:\\\/\\\/pruebasnitorlack.com\\\/co\\\/albert-arenas-recupera-el-liderato-para-el-valresa-aspar-team\\\/#article\",\"isPartOf\":{\"@id\":\"https:\\\/\\\/pruebasnitorlack.com\\\/co\\\/albert-arenas-recupera-el-liderato-para-el-valresa-aspar-team\\\/\"},\"author\":{\"name\":\"valresa\",\"@id\":\"https:\\\/\\\/pruebasnitorlack.com\\\/co\\\/#\\\/schema\\\/person\\\/c4feb9f1e8b2d8bd3b9f96de2b35e092\"},\"headline\":\"Albert Arenas recupera el liderato para el Valresa Aspar Team.\",\"datePublished\":\"2020-10-13T07:35:33+00:00\",\"dateModified\":\"2020-10-13T07:37:58+00:00\",\"mainEntityOfPage\":{\"@id\":\"https:\\\/\\\/pruebasnitorlack.com\\\/co\\\/albert-arenas-recupera-el-liderato-para-el-valresa-aspar-team\\\/\"},\"wordCount\":367,\"image\":{\"@id\":\"https:\\\/\\\/pruebasnitorlack.com\\\/co\\\/albert-arenas-recupera-el-liderato-para-el-valresa-aspar-team\\\/#primaryimage\"},\"thumbnailUrl\":\"https:\\\/\\\/pruebasnitorlack.com\\\/wp-content\\\/uploads\\\/2020\\\/10\\\/Valresa.-Aspar-Team_1.jpg\",\"articleSection\":[\"Uncategorized @co\"],\"inLanguage\":\"es-CO\"},{\"@type\":\"WebPage\",\"@id\":\"https:\\\/\\\/pruebasnitorlack.com\\\/co\\\/albert-arenas-recupera-el-liderato-para-el-valresa-aspar-team\\\/\",\"url\":\"https:\\\/\\\/pruebasnitorlack.com\\\/co\\\/albert-arenas-recupera-el-liderato-para-el-valresa-aspar-team\\\/\",\"name\":\"Albert Arenas recupera el liderato para el Valresa Aspar Team. - Valresa.com\",\"isPartOf\":{\"@id\":\"https:\\\/\\\/pruebasnitorlack.com\\\/co\\\/#website\"},\"primaryImageOfPage\":{\"@id\":\"https:\\\/\\\/pruebasnitorlack.com\\\/co\\\/albert-arenas-recupera-el-liderato-para-el-valresa-aspar-team\\\/#primaryimage\"},\"image\":{\"@id\":\"https:\\\/\\\/pruebasnitorlack.com\\\/co\\\/albert-arenas-recupera-el-liderato-para-el-valresa-aspar-team\\\/#primaryimage\"},\"thumbnailUrl\":\"https:\\\/\\\/pruebasnitorlack.com\\\/wp-content\\\/uploads\\\/2020\\\/10\\\/Valresa.-Aspar-Team_1.jpg\",\"datePublished\":\"2020-10-13T07:35:33+00:00\",\"dateModified\":\"2020-10-13T07:37:58+00:00\",\"author\":{\"@id\":\"https:\\\/\\\/pruebasnitorlack.com\\\/co\\\/#\\\/schema\\\/person\\\/c4feb9f1e8b2d8bd3b9f96de2b35e092\"},\"description\":\"Despu\u00e9s de una carrera muy disputada en la ronda Francesa del circuito de Le Mans, Albert arenas recupera el L\u00edderato del Capeonato del mundo de Moto3\",\"breadcrumb\":{\"@id\":\"https:\\\/\\\/pruebasnitorlack.com\\\/co\\\/albert-arenas-recupera-el-liderato-para-el-valresa-aspar-team\\\/#breadcrumb\"},\"inLanguage\":\"es-CO\",\"potentialAction\":[{\"@type\":\"ReadAction\",\"target\":[\"https:\\\/\\\/pruebasnitorlack.com\\\/co\\\/albert-arenas-recupera-el-liderato-para-el-valresa-aspar-team\\\/\"]}]},{\"@type\":\"ImageObject\",\"inLanguage\":\"es-CO\",\"@id\":\"https:\\\/\\\/pruebasnitorlack.com\\\/co\\\/albert-arenas-recupera-el-liderato-para-el-valresa-aspar-team\\\/#primaryimage\",\"url\":\"https:\\\/\\\/pruebasnitorlack.com\\\/wp-content\\\/uploads\\\/2020\\\/10\\\/Valresa.-Aspar-Team_1.jpg\",\"contentUrl\":\"https:\\\/\\\/pruebasnitorlack.com\\\/wp-content\\\/uploads\\\/2020\\\/10\\\/Valresa.-Aspar-Team_1.jpg\",\"width\":2048,\"height\":1365},{\"@type\":\"BreadcrumbList\",\"@id\":\"https:\\\/\\\/pruebasnitorlack.com\\\/co\\\/albert-arenas-recupera-el-liderato-para-el-valresa-aspar-team\\\/#breadcrumb\",\"itemListElement\":[{\"@type\":\"ListItem\",\"position\":1,\"name\":\"Portada\",\"item\":\"https:\\\/\\\/pruebasnitorlack.com\\\/co\\\/\"},{\"@type\":\"ListItem\",\"position\":2,\"name\":\"Albert Arenas recupera el liderato para el Valresa Aspar Team.\"}]},{\"@type\":\"WebSite\",\"@id\":\"https:\\\/\\\/pruebasnitorlack.com\\\/co\\\/#website\",\"url\":\"https:\\\/\\\/pruebasnitorlack.com\\\/co\\\/\",\"name\":\"VALRESA\",\"description\":\"Barnices y pinturas para la madera\",\"potentialAction\":[{\"@type\":\"SearchAction\",\"target\":{\"@type\":\"EntryPoint\",\"urlTemplate\":\"https:\\\/\\\/pruebasnitorlack.com\\\/co\\\/?s={search_term_string}\"},\"query-input\":{\"@type\":\"PropertyValueSpecification\",\"valueRequired\":true,\"valueName\":\"search_term_string\"}}],\"inLanguage\":\"es-CO\"},{\"@type\":\"Person\",\"@id\":\"https:\\\/\\\/pruebasnitorlack.com\\\/co\\\/#\\\/schema\\\/person\\\/c4feb9f1e8b2d8bd3b9f96de2b35e092\",\"name\":\"valresa\"}]}<\/script>\n<!-- \/ Yoast SEO plugin. -->","yoast_head_json":{"title":"Albert Arenas recupera el liderato para el Valresa Aspar Team. - Valresa.com","description":"Despu\u00e9s de una carrera muy disputada en la ronda Francesa del circuito de Le Mans, Albert arenas recupera el L\u00edderato del Capeonato del mundo de Moto3","robots":{"index":"noindex","follow":"follow","max-snippet":"max-snippet:-1","max-image-preview":"max-image-preview:large","max-video-preview":"max-video-preview:-1"},"og_locale":"es_ES","og_type":"article","og_title":"Albert Arenas recupera el liderato para el Valresa Aspar Team.","og_description":"Despu\u00e9s de una carrera muy disputada en la ronda Francesa del circuito de Le Mans, Albert arenas recupera el L\u00edderato del Capeonato del mundo de Moto3","og_url":"https:\/\/pruebasnitorlack.com\/co\/albert-arenas-recupera-el-liderato-para-el-valresa-aspar-team\/","og_site_name":"VALRESA","article_publisher":"https:\/\/www.facebook.com\/valresacoatings\/","article_published_time":"2020-10-13T07:35:33+00:00","article_modified_time":"2020-10-13T07:37:58+00:00","og_image":[{"width":2048,"height":1365,"url":"https:\/\/pruebasnitorlack.com\/wp-content\/uploads\/2020\/10\/Valresa.-Aspar-Team_1.jpg","type":"image\/jpeg"}],"author":"valresa","twitter_card":"summary_large_image","twitter_title":"Albert Arenas recupera el liderato para el Valresa Aspar Team.","twitter_description":"Despu\u00e9s de una carrera muy disputada en la ronda Francesa del circuito de Le Mans, Albert arenas recupera el L\u00edderato del Capeonato del mundo de Moto3","twitter_image":"https:\/\/pruebasnitorlack.com\/wp-content\/uploads\/2020\/10\/Valresa.-Aspar-Team_1.jpg","twitter_misc":{"Escrito por":"valresa","Tiempo de lectura":"2 minutos"},"schema":{"@context":"https:\/\/schema.org","@graph":[{"@type":"Article","@id":"https:\/\/pruebasnitorlack.com\/co\/albert-arenas-recupera-el-liderato-para-el-valresa-aspar-team\/#article","isPartOf":{"@id":"https:\/\/pruebasnitorlack.com\/co\/albert-arenas-recupera-el-liderato-para-el-valresa-aspar-team\/"},"author":{"name":"valresa","@id":"https:\/\/pruebasnitorlack.com\/co\/#\/schema\/person\/c4feb9f1e8b2d8bd3b9f96de2b35e092"},"headline":"Albert Arenas recupera el liderato para el Valresa Aspar Team.","datePublished":"2020-10-13T07:35:33+00:00","dateModified":"2020-10-13T07:37:58+00:00","mainEntityOfPage":{"@id":"https:\/\/pruebasnitorlack.com\/co\/albert-arenas-recupera-el-liderato-para-el-valresa-aspar-team\/"},"wordCount":367,"image":{"@id":"https:\/\/pruebasnitorlack.com\/co\/albert-arenas-recupera-el-liderato-para-el-valresa-aspar-team\/#primaryimage"},"thumbnailUrl":"https:\/\/pruebasnitorlack.com\/wp-content\/uploads\/2020\/10\/Valresa.-Aspar-Team_1.jpg","articleSection":["Uncategorized @co"],"inLanguage":"es-CO"},{"@type":"WebPage","@id":"https:\/\/pruebasnitorlack.com\/co\/albert-arenas-recupera-el-liderato-para-el-valresa-aspar-team\/","url":"https:\/\/pruebasnitorlack.com\/co\/albert-arenas-recupera-el-liderato-para-el-valresa-aspar-team\/","name":"Albert Arenas recupera el liderato para el Valresa Aspar Team. - Valresa.com","isPartOf":{"@id":"https:\/\/pruebasnitorlack.com\/co\/#website"},"primaryImageOfPage":{"@id":"https:\/\/pruebasnitorlack.com\/co\/albert-arenas-recupera-el-liderato-para-el-valresa-aspar-team\/#primaryimage"},"image":{"@id":"https:\/\/pruebasnitorlack.com\/co\/albert-arenas-recupera-el-liderato-para-el-valresa-aspar-team\/#primaryimage"},"thumbnailUrl":"https:\/\/pruebasnitorlack.com\/wp-content\/uploads\/2020\/10\/Valresa.-Aspar-Team_1.jpg","datePublished":"2020-10-13T07:35:33+00:00","dateModified":"2020-10-13T07:37:58+00:00","author":{"@id":"https:\/\/pruebasnitorlack.com\/co\/#\/schema\/person\/c4feb9f1e8b2d8bd3b9f96de2b35e092"},"description":"Despu\u00e9s de una carrera muy disputada en la ronda Francesa del circuito de Le Mans, Albert arenas recupera el L\u00edderato del Capeonato del mundo de Moto3","breadcrumb":{"@id":"https:\/\/pruebasnitorlack.com\/co\/albert-arenas-recupera-el-liderato-para-el-valresa-aspar-team\/#breadcrumb"},"inLanguage":"es-CO","potentialAction":[{"@type":"ReadAction","target":["https:\/\/pruebasnitorlack.com\/co\/albert-arenas-recupera-el-liderato-para-el-valresa-aspar-team\/"]}]},{"@type":"ImageObject","inLanguage":"es-CO","@id":"https:\/\/pruebasnitorlack.com\/co\/albert-arenas-recupera-el-liderato-para-el-valresa-aspar-team\/#primaryimage","url":"https:\/\/pruebasnitorlack.com\/wp-content\/uploads\/2020\/10\/Valresa.-Aspar-Team_1.jpg","contentUrl":"https:\/\/pruebasnitorlack.com\/wp-content\/uploads\/2020\/10\/Valresa.-Aspar-Team_1.jpg","width":2048,"height":1365},{"@type":"BreadcrumbList","@id":"https:\/\/pruebasnitorlack.com\/co\/albert-arenas-recupera-el-liderato-para-el-valresa-aspar-team\/#breadcrumb","itemListElement":[{"@type":"ListItem","position":1,"name":"Portada","item":"https:\/\/pruebasnitorlack.com\/co\/"},{"@type":"ListItem","position":2,"name":"Albert Arenas recupera el liderato para el Valresa Aspar Team."}]},{"@type":"WebSite","@id":"https:\/\/pruebasnitorlack.com\/co\/#website","url":"https:\/\/pruebasnitorlack.com\/co\/","name":"VALRESA","description":"Barnices y pinturas para la madera","potentialAction":[{"@type":"SearchAction","target":{"@type":"EntryPoint","urlTemplate":"https:\/\/pruebasnitorlack.com\/co\/?s={search_term_string}"},"query-input":{"@type":"PropertyValueSpecification","valueRequired":true,"valueName":"search_term_string"}}],"inLanguage":"es-CO"},{"@type":"Person","@id":"https:\/\/pruebasnitorlack.com\/co\/#\/schema\/person\/c4feb9f1e8b2d8bd3b9f96de2b35e092","name":"valresa"}]}},"_links":{"self":[{"href":"https:\/\/pruebasnitorlack.com\/co\/wp-json\/wp\/v2\/posts\/19018","targetHints":{"allow":["GET"]}}],"collection":[{"href":"https:\/\/pruebasnitorlack.com\/co\/wp-json\/wp\/v2\/posts"}],"about":[{"href":"https:\/\/pruebasnitorlack.com\/co\/wp-json\/wp\/v2\/types\/post"}],"author":[{"embeddable":true,"href":"https:\/\/pruebasnitorlack.com\/co\/wp-json\/wp\/v2\/users\/1"}],"replies":[{"embeddable":true,"href":"https:\/\/pruebasnitorlack.com\/co\/wp-json\/wp\/v2\/comments?post=19018"}],"version-history":[{"count":0,"href":"https:\/\/pruebasnitorlack.com\/co\/wp-json\/wp\/v2\/posts\/19018\/revisions"}],"wp:featuredmedia":[{"embeddable":true,"href":"https:\/\/pruebasnitorlack.com\/co\/wp-json\/wp\/v2\/media\/19021"}],"wp:attachment":[{"href":"https:\/\/pruebasnitorlack.com\/co\/wp-json\/wp\/v2\/media?parent=19018"}],"wp:term":[{"taxonomy":"category","embeddable":true,"href":"https:\/\/pruebasnitorlack.com\/co\/wp-json\/wp\/v2\/categories?post=19018"},{"taxonomy":"post_tag","embeddable":true,"href":"https:\/\/pruebasnitorlack.com\/co\/wp-json\/wp\/v2\/tags?post=19018"}],"curies":[{"name":"wp","href":"https:\/\/api.w.org\/{rel}","templated":true}]}}