{"id":18665,"date":"2020-09-01T13:41:26","date_gmt":"2020-09-01T13:41:26","guid":{"rendered":"https:\/\/pruebasnitorlack.com\/?p=18665"},"modified":"2020-09-02T06:29:47","modified_gmt":"2020-09-02T06:29:47","slug":"david-alonso-piloto-colombiano-cada-vez-mas-lider","status":"publish","type":"post","link":"https:\/\/pruebasnitorlack.com\/co\/david-alonso-piloto-colombiano-cada-vez-mas-lider\/","title":{"rendered":"David Alonso piloto Colombiano cada vez m\u00e1s l\u00edder."},"content":{"rendered":"[vc_row type=&#8221;in_container&#8221; full_screen_row_position=&#8221;middle&#8221; scene_position=&#8221;center&#8221; text_color=&#8221;dark&#8221; text_align=&#8221;left&#8221; overlay_strength=&#8221;0.3&#8243; shape_divider_position=&#8221;bottom&#8221;][vc_column column_padding=&#8221;no-extra-padding&#8221; column_padding_position=&#8221;all&#8221; background_color_opacity=&#8221;1&#8243; background_hover_color_opacity=&#8221;1&#8243; column_link_target=&#8221;_self&#8221; column_shadow=&#8221;none&#8221; column_border_radius=&#8221;none&#8221; width=&#8221;1\/1&#8243; tablet_width_inherit=&#8221;default&#8221; tablet_text_alignment=&#8221;default&#8221; phone_text_alignment=&#8221;default&#8221; column_border_width=&#8221;none&#8221; column_border_style=&#8221;solid&#8221;][vc_column_text]\n<h2>Un Colombiano Espa\u00f1ol reyna en Europa.<\/h2>\n[\/vc_column_text][\/vc_column][\/vc_row][vc_row type=&#8221;in_container&#8221; full_screen_row_position=&#8221;middle&#8221; scene_position=&#8221;center&#8221; text_color=&#8221;dark&#8221; text_align=&#8221;left&#8221; overlay_strength=&#8221;0.3&#8243; shape_divider_position=&#8221;bottom&#8221;][vc_column column_padding=&#8221;no-extra-padding&#8221; column_padding_position=&#8221;all&#8221; background_color_opacity=&#8221;1&#8243; background_hover_color_opacity=&#8221;1&#8243; column_link_target=&#8221;_self&#8221; column_shadow=&#8221;none&#8221; column_border_radius=&#8221;none&#8221; width=&#8221;1\/1&#8243; tablet_width_inherit=&#8221;default&#8221; tablet_text_alignment=&#8221;default&#8221; phone_text_alignment=&#8221;default&#8221; column_border_width=&#8221;none&#8221; column_border_style=&#8221;solid&#8221;][vc_column_text]\n<p style=\"text-align: justify;\"><strong>DAVID ALONSO CADA VEZ M\u00c1S L\u00cdDER EN LA EUROPEAN TALENT CUP<br \/>\n<\/strong><\/p>\n<p style=\"text-align: justify;\">El joven piloto Colombiano Espa\u00f1ol del equipo Aspar Team, continua siendo despu\u00e9s del pasado f\u00edn de semana m\u00e1s lider en la prueba de moto3 de la European Talent Cup. Hasta la fecha acumula 6 podios, 4 victorias y 2 poles.<\/p>\n<p style=\"text-align: justify;\">Valresa Coatings, <strong>fabricante de selladores y lacas para barnizar la madera<\/strong> viene apoyando la carrera de estos jovenes talentos, siendo esponsor oficial para el campeonato del mundo de motocilclismo del equipo <strong>Aspar Team<\/strong>.<\/p>\n<p style=\"text-align: justify;\">El equipo dirigido por el 4 veces campe\u00f3n del mundo Jorgue Mart\u00ednez &#8220;Aspar&#8221; y Valresa Coatings comparten los valores de trabajo en equipo, tecnolog\u00eda y competitividad para alcanzar el \u00e9xito en cada carrera y la palanca que impulsa a implantar un sistema de mejora cont\u00ednua en la fabricaci\u00f3n de los<strong> selladores y lacas para la madera.<\/strong><\/p>\n[\/vc_column_text][\/vc_column][\/vc_row][vc_row type=&#8221;full_width_content&#8221; full_screen_row_position=&#8221;middle&#8221; scene_position=&#8221;center&#8221; text_color=&#8221;dark&#8221; text_align=&#8221;left&#8221; overlay_strength=&#8221;0.3&#8243; shape_divider_position=&#8221;bottom&#8221; shape_type=&#8221;&#8221;][vc_column centered_text=&#8221;true&#8221; column_padding=&#8221;padding-7-percent&#8221; column_padding_position=&#8221;all&#8221; background_color_opacity=&#8221;1&#8243; background_hover_color_opacity=&#8221;1&#8243; column_link_target=&#8221;_self&#8221; column_shadow=&#8221;none&#8221; column_border_radius=&#8221;none&#8221; top_margin=&#8221;-6%&#8221; width=&#8221;1\/1&#8243; tablet_width_inherit=&#8221;default&#8221; tablet_text_alignment=&#8221;default&#8221; phone_text_alignment=&#8221;default&#8221; column_border_width=&#8221;none&#8221; column_border_style=&#8221;solid&#8221;][image_with_animation image_url=&#8221;18668&#8243; alignment=&#8221;&#8221; animation=&#8221;Fade In&#8221; img_link_large=&#8221;yes&#8221; border_radius=&#8221;none&#8221; box_shadow=&#8221;none&#8221; max_width=&#8221;100%&#8221;][\/vc_column][\/vc_row]\n","protected":false},"excerpt":{"rendered":"<p>El joven piloto Colombiano Hispano del equipo Aspar Team contin\u00faa siendo m\u00e1s l\u00edder en el campeonato de moto3 de la European Talent Cup.<\/p>\n","protected":false},"author":1,"featured_media":18668,"comment_status":"closed","ping_status":"closed","sticky":false,"template":"","format":"standard","meta":{"_joinchat":[],"footnotes":""},"categories":[114],"tags":[],"class_list":{"0":"post-18665","1":"post","2":"type-post","3":"status-publish","4":"format-standard","5":"has-post-thumbnail","7":"category-producto-co"},"yoast_head":"<!-- This site is optimized with the Yoast SEO plugin v27.4 - https:\/\/yoast.com\/product\/yoast-seo-wordpress\/ -->\n<title>David Alonso piloto Colombiano cada vez m\u00e1s l\u00edder. - Valresa.com<\/title>\n<meta name=\"description\" content=\"El joven piloto Colombiano Espa\u00f1ol del equipo Aspar Team contin\u00faa siendo m\u00e1s l\u00edder en el campeonato de moto3 de la European Talent Cup.\" \/>\n<meta name=\"robots\" content=\"noindex, follow, max-snippet:-1, max-image-preview:large, max-video-preview:-1\" \/>\n<meta property=\"og:locale\" content=\"es_ES\" \/>\n<meta property=\"og:type\" content=\"article\" \/>\n<meta property=\"og:title\" content=\"David Alonso piloto Combiano cada vez m\u00e1s l\u00edder.\" \/>\n<meta property=\"og:description\" content=\"El joven piloto Colombo Hispano del equipo Aspar Team contin\u00faa siendo m\u00e1s l\u00edder en el campeonato de moto3 de la European Talent Cup.\" \/>\n<meta property=\"og:url\" content=\"https:\/\/pruebasnitorlack.com\/co\/david-alonso-piloto-colombiano-cada-vez-mas-lider\/\" \/>\n<meta property=\"og:site_name\" content=\"VALRESA\" \/>\n<meta property=\"article:publisher\" content=\"https:\/\/www.facebook.com\/valresacoatings\/\" \/>\n<meta property=\"article:published_time\" content=\"2020-09-01T13:41:26+00:00\" \/>\n<meta property=\"article:modified_time\" content=\"2020-09-02T06:29:47+00:00\" \/>\n<meta property=\"og:image\" content=\"https:\/\/pruebasnitorlack.com\/wp-content\/uploads\/2020\/09\/Aspar-Colombia..jpeg\" \/>\n\t<meta property=\"og:image:width\" content=\"640\" \/>\n\t<meta property=\"og:image:height\" content=\"427\" \/>\n\t<meta property=\"og:image:type\" content=\"image\/jpeg\" \/>\n<meta name=\"author\" content=\"valresa\" \/>\n<meta name=\"twitter:card\" content=\"summary_large_image\" \/>\n<meta name=\"twitter:title\" content=\"David Alonso piloto Combiano cada vez m\u00e1s l\u00edder.\" \/>\n<meta name=\"twitter:description\" content=\"El joven piloto Colombo Hispano del equipo Aspar Team contin\u00faa siendo m\u00e1s l\u00edder en el campeonato de moto3 de la European Talent Cup.\" \/>\n<meta name=\"twitter:image\" content=\"https:\/\/pruebasnitorlack.com\/wp-content\/uploads\/2020\/09\/Aspar-Colombia..jpeg\" \/>\n<meta name=\"twitter:label1\" content=\"Escrito por\" \/>\n\t<meta name=\"twitter:data1\" content=\"valresa\" \/>\n\t<meta name=\"twitter:label2\" content=\"Tiempo de lectura\" \/>\n\t<meta name=\"twitter:data2\" content=\"2 minutos\" \/>\n<script type=\"application\/ld+json\" class=\"yoast-schema-graph\">{\"@context\":\"https:\\\/\\\/schema.org\",\"@graph\":[{\"@type\":\"Article\",\"@id\":\"https:\\\/\\\/pruebasnitorlack.com\\\/co\\\/david-alonso-piloto-colombiano-cada-vez-mas-lider\\\/#article\",\"isPartOf\":{\"@id\":\"https:\\\/\\\/pruebasnitorlack.com\\\/co\\\/david-alonso-piloto-colombiano-cada-vez-mas-lider\\\/\"},\"author\":{\"name\":\"valresa\",\"@id\":\"https:\\\/\\\/pruebasnitorlack.com\\\/co\\\/#\\\/schema\\\/person\\\/c4feb9f1e8b2d8bd3b9f96de2b35e092\"},\"headline\":\"David Alonso piloto Colombiano cada vez m\u00e1s l\u00edder.\",\"datePublished\":\"2020-09-01T13:41:26+00:00\",\"dateModified\":\"2020-09-02T06:29:47+00:00\",\"mainEntityOfPage\":{\"@id\":\"https:\\\/\\\/pruebasnitorlack.com\\\/co\\\/david-alonso-piloto-colombiano-cada-vez-mas-lider\\\/\"},\"wordCount\":438,\"image\":{\"@id\":\"https:\\\/\\\/pruebasnitorlack.com\\\/co\\\/david-alonso-piloto-colombiano-cada-vez-mas-lider\\\/#primaryimage\"},\"thumbnailUrl\":\"https:\\\/\\\/pruebasnitorlack.com\\\/wp-content\\\/uploads\\\/2020\\\/09\\\/Aspar-Colombia..jpeg\",\"articleSection\":[\"Producto\"],\"inLanguage\":\"es-CO\"},{\"@type\":\"WebPage\",\"@id\":\"https:\\\/\\\/pruebasnitorlack.com\\\/co\\\/david-alonso-piloto-colombiano-cada-vez-mas-lider\\\/\",\"url\":\"https:\\\/\\\/pruebasnitorlack.com\\\/co\\\/david-alonso-piloto-colombiano-cada-vez-mas-lider\\\/\",\"name\":\"David Alonso piloto Colombiano cada vez m\u00e1s l\u00edder. - Valresa.com\",\"isPartOf\":{\"@id\":\"https:\\\/\\\/pruebasnitorlack.com\\\/co\\\/#website\"},\"primaryImageOfPage\":{\"@id\":\"https:\\\/\\\/pruebasnitorlack.com\\\/co\\\/david-alonso-piloto-colombiano-cada-vez-mas-lider\\\/#primaryimage\"},\"image\":{\"@id\":\"https:\\\/\\\/pruebasnitorlack.com\\\/co\\\/david-alonso-piloto-colombiano-cada-vez-mas-lider\\\/#primaryimage\"},\"thumbnailUrl\":\"https:\\\/\\\/pruebasnitorlack.com\\\/wp-content\\\/uploads\\\/2020\\\/09\\\/Aspar-Colombia..jpeg\",\"datePublished\":\"2020-09-01T13:41:26+00:00\",\"dateModified\":\"2020-09-02T06:29:47+00:00\",\"author\":{\"@id\":\"https:\\\/\\\/pruebasnitorlack.com\\\/co\\\/#\\\/schema\\\/person\\\/c4feb9f1e8b2d8bd3b9f96de2b35e092\"},\"description\":\"El joven piloto Colombiano Espa\u00f1ol del equipo Aspar Team contin\u00faa siendo m\u00e1s l\u00edder en el campeonato de moto3 de la European Talent Cup.\",\"breadcrumb\":{\"@id\":\"https:\\\/\\\/pruebasnitorlack.com\\\/co\\\/david-alonso-piloto-colombiano-cada-vez-mas-lider\\\/#breadcrumb\"},\"inLanguage\":\"es-CO\",\"potentialAction\":[{\"@type\":\"ReadAction\",\"target\":[\"https:\\\/\\\/pruebasnitorlack.com\\\/co\\\/david-alonso-piloto-colombiano-cada-vez-mas-lider\\\/\"]}]},{\"@type\":\"ImageObject\",\"inLanguage\":\"es-CO\",\"@id\":\"https:\\\/\\\/pruebasnitorlack.com\\\/co\\\/david-alonso-piloto-colombiano-cada-vez-mas-lider\\\/#primaryimage\",\"url\":\"https:\\\/\\\/pruebasnitorlack.com\\\/wp-content\\\/uploads\\\/2020\\\/09\\\/Aspar-Colombia..jpeg\",\"contentUrl\":\"https:\\\/\\\/pruebasnitorlack.com\\\/wp-content\\\/uploads\\\/2020\\\/09\\\/Aspar-Colombia..jpeg\",\"width\":640,\"height\":427},{\"@type\":\"BreadcrumbList\",\"@id\":\"https:\\\/\\\/pruebasnitorlack.com\\\/co\\\/david-alonso-piloto-colombiano-cada-vez-mas-lider\\\/#breadcrumb\",\"itemListElement\":[{\"@type\":\"ListItem\",\"position\":1,\"name\":\"Portada\",\"item\":\"https:\\\/\\\/pruebasnitorlack.com\\\/co\\\/\"},{\"@type\":\"ListItem\",\"position\":2,\"name\":\"David Alonso piloto Colombiano cada vez m\u00e1s l\u00edder.\"}]},{\"@type\":\"WebSite\",\"@id\":\"https:\\\/\\\/pruebasnitorlack.com\\\/co\\\/#website\",\"url\":\"https:\\\/\\\/pruebasnitorlack.com\\\/co\\\/\",\"name\":\"VALRESA\",\"description\":\"Barnices y pinturas para la madera\",\"potentialAction\":[{\"@type\":\"SearchAction\",\"target\":{\"@type\":\"EntryPoint\",\"urlTemplate\":\"https:\\\/\\\/pruebasnitorlack.com\\\/co\\\/?s={search_term_string}\"},\"query-input\":{\"@type\":\"PropertyValueSpecification\",\"valueRequired\":true,\"valueName\":\"search_term_string\"}}],\"inLanguage\":\"es-CO\"},{\"@type\":\"Person\",\"@id\":\"https:\\\/\\\/pruebasnitorlack.com\\\/co\\\/#\\\/schema\\\/person\\\/c4feb9f1e8b2d8bd3b9f96de2b35e092\",\"name\":\"valresa\"}]}<\/script>\n<!-- \/ Yoast SEO plugin. -->","yoast_head_json":{"title":"David Alonso piloto Colombiano cada vez m\u00e1s l\u00edder. - Valresa.com","description":"El joven piloto Colombiano Espa\u00f1ol del equipo Aspar Team contin\u00faa siendo m\u00e1s l\u00edder en el campeonato de moto3 de la European Talent Cup.","robots":{"index":"noindex","follow":"follow","max-snippet":"max-snippet:-1","max-image-preview":"max-image-preview:large","max-video-preview":"max-video-preview:-1"},"og_locale":"es_ES","og_type":"article","og_title":"David Alonso piloto Combiano cada vez m\u00e1s l\u00edder.","og_description":"El joven piloto Colombo Hispano del equipo Aspar Team contin\u00faa siendo m\u00e1s l\u00edder en el campeonato de moto3 de la European Talent Cup.","og_url":"https:\/\/pruebasnitorlack.com\/co\/david-alonso-piloto-colombiano-cada-vez-mas-lider\/","og_site_name":"VALRESA","article_publisher":"https:\/\/www.facebook.com\/valresacoatings\/","article_published_time":"2020-09-01T13:41:26+00:00","article_modified_time":"2020-09-02T06:29:47+00:00","og_image":[{"width":640,"height":427,"url":"https:\/\/pruebasnitorlack.com\/wp-content\/uploads\/2020\/09\/Aspar-Colombia..jpeg","type":"image\/jpeg"}],"author":"valresa","twitter_card":"summary_large_image","twitter_title":"David Alonso piloto Combiano cada vez m\u00e1s l\u00edder.","twitter_description":"El joven piloto Colombo Hispano del equipo Aspar Team contin\u00faa siendo m\u00e1s l\u00edder en el campeonato de moto3 de la European Talent Cup.","twitter_image":"https:\/\/pruebasnitorlack.com\/wp-content\/uploads\/2020\/09\/Aspar-Colombia..jpeg","twitter_misc":{"Escrito por":"valresa","Tiempo de lectura":"2 minutos"},"schema":{"@context":"https:\/\/schema.org","@graph":[{"@type":"Article","@id":"https:\/\/pruebasnitorlack.com\/co\/david-alonso-piloto-colombiano-cada-vez-mas-lider\/#article","isPartOf":{"@id":"https:\/\/pruebasnitorlack.com\/co\/david-alonso-piloto-colombiano-cada-vez-mas-lider\/"},"author":{"name":"valresa","@id":"https:\/\/pruebasnitorlack.com\/co\/#\/schema\/person\/c4feb9f1e8b2d8bd3b9f96de2b35e092"},"headline":"David Alonso piloto Colombiano cada vez m\u00e1s l\u00edder.","datePublished":"2020-09-01T13:41:26+00:00","dateModified":"2020-09-02T06:29:47+00:00","mainEntityOfPage":{"@id":"https:\/\/pruebasnitorlack.com\/co\/david-alonso-piloto-colombiano-cada-vez-mas-lider\/"},"wordCount":438,"image":{"@id":"https:\/\/pruebasnitorlack.com\/co\/david-alonso-piloto-colombiano-cada-vez-mas-lider\/#primaryimage"},"thumbnailUrl":"https:\/\/pruebasnitorlack.com\/wp-content\/uploads\/2020\/09\/Aspar-Colombia..jpeg","articleSection":["Producto"],"inLanguage":"es-CO"},{"@type":"WebPage","@id":"https:\/\/pruebasnitorlack.com\/co\/david-alonso-piloto-colombiano-cada-vez-mas-lider\/","url":"https:\/\/pruebasnitorlack.com\/co\/david-alonso-piloto-colombiano-cada-vez-mas-lider\/","name":"David Alonso piloto Colombiano cada vez m\u00e1s l\u00edder. - Valresa.com","isPartOf":{"@id":"https:\/\/pruebasnitorlack.com\/co\/#website"},"primaryImageOfPage":{"@id":"https:\/\/pruebasnitorlack.com\/co\/david-alonso-piloto-colombiano-cada-vez-mas-lider\/#primaryimage"},"image":{"@id":"https:\/\/pruebasnitorlack.com\/co\/david-alonso-piloto-colombiano-cada-vez-mas-lider\/#primaryimage"},"thumbnailUrl":"https:\/\/pruebasnitorlack.com\/wp-content\/uploads\/2020\/09\/Aspar-Colombia..jpeg","datePublished":"2020-09-01T13:41:26+00:00","dateModified":"2020-09-02T06:29:47+00:00","author":{"@id":"https:\/\/pruebasnitorlack.com\/co\/#\/schema\/person\/c4feb9f1e8b2d8bd3b9f96de2b35e092"},"description":"El joven piloto Colombiano Espa\u00f1ol del equipo Aspar Team contin\u00faa siendo m\u00e1s l\u00edder en el campeonato de moto3 de la European Talent Cup.","breadcrumb":{"@id":"https:\/\/pruebasnitorlack.com\/co\/david-alonso-piloto-colombiano-cada-vez-mas-lider\/#breadcrumb"},"inLanguage":"es-CO","potentialAction":[{"@type":"ReadAction","target":["https:\/\/pruebasnitorlack.com\/co\/david-alonso-piloto-colombiano-cada-vez-mas-lider\/"]}]},{"@type":"ImageObject","inLanguage":"es-CO","@id":"https:\/\/pruebasnitorlack.com\/co\/david-alonso-piloto-colombiano-cada-vez-mas-lider\/#primaryimage","url":"https:\/\/pruebasnitorlack.com\/wp-content\/uploads\/2020\/09\/Aspar-Colombia..jpeg","contentUrl":"https:\/\/pruebasnitorlack.com\/wp-content\/uploads\/2020\/09\/Aspar-Colombia..jpeg","width":640,"height":427},{"@type":"BreadcrumbList","@id":"https:\/\/pruebasnitorlack.com\/co\/david-alonso-piloto-colombiano-cada-vez-mas-lider\/#breadcrumb","itemListElement":[{"@type":"ListItem","position":1,"name":"Portada","item":"https:\/\/pruebasnitorlack.com\/co\/"},{"@type":"ListItem","position":2,"name":"David Alonso piloto Colombiano cada vez m\u00e1s l\u00edder."}]},{"@type":"WebSite","@id":"https:\/\/pruebasnitorlack.com\/co\/#website","url":"https:\/\/pruebasnitorlack.com\/co\/","name":"VALRESA","description":"Barnices y pinturas para la madera","potentialAction":[{"@type":"SearchAction","target":{"@type":"EntryPoint","urlTemplate":"https:\/\/pruebasnitorlack.com\/co\/?s={search_term_string}"},"query-input":{"@type":"PropertyValueSpecification","valueRequired":true,"valueName":"search_term_string"}}],"inLanguage":"es-CO"},{"@type":"Person","@id":"https:\/\/pruebasnitorlack.com\/co\/#\/schema\/person\/c4feb9f1e8b2d8bd3b9f96de2b35e092","name":"valresa"}]}},"_links":{"self":[{"href":"https:\/\/pruebasnitorlack.com\/co\/wp-json\/wp\/v2\/posts\/18665","targetHints":{"allow":["GET"]}}],"collection":[{"href":"https:\/\/pruebasnitorlack.com\/co\/wp-json\/wp\/v2\/posts"}],"about":[{"href":"https:\/\/pruebasnitorlack.com\/co\/wp-json\/wp\/v2\/types\/post"}],"author":[{"embeddable":true,"href":"https:\/\/pruebasnitorlack.com\/co\/wp-json\/wp\/v2\/users\/1"}],"replies":[{"embeddable":true,"href":"https:\/\/pruebasnitorlack.com\/co\/wp-json\/wp\/v2\/comments?post=18665"}],"version-history":[{"count":0,"href":"https:\/\/pruebasnitorlack.com\/co\/wp-json\/wp\/v2\/posts\/18665\/revisions"}],"wp:featuredmedia":[{"embeddable":true,"href":"https:\/\/pruebasnitorlack.com\/co\/wp-json\/wp\/v2\/media\/18668"}],"wp:attachment":[{"href":"https:\/\/pruebasnitorlack.com\/co\/wp-json\/wp\/v2\/media?parent=18665"}],"wp:term":[{"taxonomy":"category","embeddable":true,"href":"https:\/\/pruebasnitorlack.com\/co\/wp-json\/wp\/v2\/categories?post=18665"},{"taxonomy":"post_tag","embeddable":true,"href":"https:\/\/pruebasnitorlack.com\/co\/wp-json\/wp\/v2\/tags?post=18665"}],"curies":[{"name":"wp","href":"https:\/\/api.w.org\/{rel}","templated":true}]}}