{"id":17814,"date":"2020-06-26T06:56:47","date_gmt":"2020-06-26T06:56:47","guid":{"rendered":"https:\/\/pruebasnitorlack.com\/el-habitat-del-futuro-post-covid\/"},"modified":"2020-07-23T11:56:42","modified_gmt":"2020-07-23T11:56:42","slug":"el-habitat-del-futuro-post-covid","status":"publish","type":"post","link":"https:\/\/pruebasnitorlack.com\/co\/el-habitat-del-futuro-post-covid\/","title":{"rendered":"El habitat del futuro post &#8211; covid"},"content":{"rendered":"[vc_row type=&#8221;in_container&#8221; full_screen_row_position=&#8221;middle&#8221; scene_position=&#8221;center&#8221; text_color=&#8221;dark&#8221; text_align=&#8221;left&#8221; overlay_strength=&#8221;0.3&#8243; shape_divider_position=&#8221;bottom&#8221;][vc_column column_padding=&#8221;no-extra-padding&#8221; column_padding_position=&#8221;all&#8221; background_color_opacity=&#8221;1&#8243; background_hover_color_opacity=&#8221;1&#8243; column_link_target=&#8221;_self&#8221; column_shadow=&#8221;none&#8221; column_border_radius=&#8221;none&#8221; width=&#8221;1\/1&#8243; tablet_width_inherit=&#8221;default&#8221; tablet_text_alignment=&#8221;default&#8221; phone_text_alignment=&#8221;default&#8221; column_border_width=&#8221;none&#8221; column_border_style=&#8221;solid&#8221;][vc_column_text]\n<h2>El Habitat del futuro Post Covid: Claves de consumo en los hogares y cambios globales.<\/h2>\n[\/vc_column_text][\/vc_column][\/vc_row][vc_row type=&#8221;in_container&#8221; full_screen_row_position=&#8221;middle&#8221; scene_position=&#8221;center&#8221; text_color=&#8221;dark&#8221; text_align=&#8221;left&#8221; overlay_strength=&#8221;0.3&#8243; shape_divider_position=&#8221;bottom&#8221;][vc_column column_padding=&#8221;no-extra-padding&#8221; column_padding_position=&#8221;all&#8221; background_color_opacity=&#8221;1&#8243; background_hover_color_opacity=&#8221;1&#8243; column_link_target=&#8221;_self&#8221; column_shadow=&#8221;none&#8221; column_border_radius=&#8221;none&#8221; width=&#8221;1\/1&#8243; tablet_width_inherit=&#8221;default&#8221; tablet_text_alignment=&#8221;default&#8221; phone_text_alignment=&#8221;default&#8221; column_border_width=&#8221;none&#8221; column_border_style=&#8221;solid&#8221;][vc_column_text]\n<p style=\"text-align: justify;\">La actual crisis sanitaria provocada por la pandemia de COVID19 , est\u00e1 provocando algunos cambios relevantes en la situaci\u00f3n econ\u00f3mico social que viven los hogares. Nos encontramos ya en un periodo de transici\u00f3n hacia una nueva normalidad, en la que aparecen diversas claves de influencia en el consumo y formas de relacionarnos que no debemos pasar por alto. Tendremos cambios en nuestros h\u00e1bitos y costumbres, y seguramente estos cambios en nuestra forma de trabajar, comprar, relacionarnos, convivir,\u2026 van a ser duraderos en el tiempo. Algunas de estas claves importantes son:<br \/>\nEl mayor cuidado de la salud as\u00ed como incremento del consumo de productos de limpieza y Desinfectantes. Esta ser\u00e1 una variable de influencia en la elecci\u00f3n de productos, hoteles, servicios, restaurantes\u2026 nos decantaremos en nuestra elecci\u00f3n por espacios limpios, con menor aforo, por lugares de vacaciones de interior, casas rurales, estancias m\u00e1s personales y por lo opuesto se reducida los aforos en grandes festivales, playas, aglomeraciones\u2026<br \/>\nLas visitas comerciales ser\u00e1n diferentes, las necesarias y previa cita confirmada. Habr\u00e1n restricciones y regulaciones de las visitas.<br \/>\nB\u00fasqueda de cercan\u00eda, confianza, seguridad. Preferiremos comprar en locales cercanos donde confiemos y conozcamos, mejoraran las relaciones econ\u00f3micas entre empresas locales y bajara el empuje de la globalizaci\u00f3n internacional. Los viajes ser\u00e1n diferentes, con corredores seguros de tr\u00e1nsito, cadenas de hoteles m\u00e1s confiables.<br \/>\nCompras m\u00e1s locales en negocios de proximidad. Las dificultades en los controles de mercanc\u00edas aduaneros y retrasos en env\u00edos internacionales, reforzaran las compras y relaciones entre empresas locales. Quiz\u00e1s para evitar aglomeraciones se evite comprar en grandes superficies, hiper y centros comerciales.<br \/>\nDigitalizaci\u00f3n. Este factor que ya ven\u00eda siendo una tendencia general de mercado, ha tenido con la crisis sanitaria un catalizador exponencial, que ha llevado a obtener un incremento de compras de tablets, pc, consolas de m\u00e1s de un 42% respecto al mismo periodo del a\u00f1o pasado. El gran incremento de las compras On-line, es el resultado de la digitalizaci\u00f3n de la sociedad. Ya hace varios a\u00f1os en los que se ve una reducci\u00f3n de las compras en tiendas f\u00edsicas.<br \/>\nEl impulso del Teletrabajo, va a proponer oportunidades de inversi\u00f3n de los hogares en nuevos muebles y nuevos espacios de trabajo que habr\u00e1 que adecuar. No s\u00f3lo montamos la oficina en casa, sino tambi\u00e9n el colegio en casa, con nuevos escritorios, sillas, \u2026. As\u00ed tambi\u00e9n como en las nuevas aficiones culinarias en el espacio de la cocina que muchos estamos descubriendo.<br \/>\nEl pasar m\u00e1s tiempo en el hogar hace que nos demos cuenta que debemos invertir m\u00e1s en \u00e9l, nuevo amueblamiento, adecuaci\u00f3n y renovaci\u00f3n (pintura). Presupuestos destinados a otros \u00e1mbitos econ\u00f3micos (turismo, ocio, \u2026) se pueden dirigir al mueble y decoraci\u00f3n.<br \/>\nAparecen nuevas oportunidades en nuevos productos, como son los anti bacterias, hay una revoluci\u00f3n en el desarrollo y certificaci\u00f3n de productos protectores de la salud, antivirus, anti bacterias&#8230;<\/p>\n[\/vc_column_text][\/vc_column][\/vc_row][vc_row type=&#8221;full_width_content&#8221; full_screen_row_position=&#8221;middle&#8221; scene_position=&#8221;center&#8221; text_color=&#8221;dark&#8221; text_align=&#8221;left&#8221; overlay_strength=&#8221;0.3&#8243; shape_divider_position=&#8221;bottom&#8221; shape_type=&#8221;&#8221;][vc_column centered_text=&#8221;true&#8221; column_padding=&#8221;padding-7-percent&#8221; column_padding_position=&#8221;all&#8221; background_color_opacity=&#8221;1&#8243; background_hover_color_opacity=&#8221;1&#8243; column_link_target=&#8221;_self&#8221; column_shadow=&#8221;none&#8221; column_border_radius=&#8221;none&#8221; top_margin=&#8221;-6%&#8221; width=&#8221;1\/1&#8243; tablet_width_inherit=&#8221;default&#8221; tablet_text_alignment=&#8221;default&#8221; phone_text_alignment=&#8221;default&#8221; column_border_width=&#8221;none&#8221; column_border_style=&#8221;solid&#8221;][image_with_animation image_url=&#8221;17125&#8243; alignment=&#8221;&#8221; animation=&#8221;Fade In&#8221; img_link_large=&#8221;yes&#8221; border_radius=&#8221;none&#8221; box_shadow=&#8221;none&#8221; max_width=&#8221;100%&#8221;][\/vc_column][\/vc_row]\n","protected":false},"excerpt":{"rendered":"<p>La actual crisis sanitaria provocada por la pandemia de COVID19 , est\u00e1 provocando algunos cambios relevantes en la situaci\u00f3n econ\u00f3mico social que viven los hogares.<\/p>\n","protected":false},"author":1,"featured_media":17815,"comment_status":"closed","ping_status":"closed","sticky":false,"template":"","format":"standard","meta":{"_joinchat":[],"footnotes":""},"categories":[114],"tags":[],"class_list":{"0":"post-17814","1":"post","2":"type-post","3":"status-publish","4":"format-standard","5":"has-post-thumbnail","7":"category-producto-co"},"yoast_head":"<!-- This site is optimized with the Yoast SEO plugin v27.4 - https:\/\/yoast.com\/product\/yoast-seo-wordpress\/ -->\n<title>El habitat del futuro post - covid - Valresa.com<\/title>\n<meta name=\"description\" content=\"La actual crisis sanitaria provocada por la pandemia de COVID19 , est\u00e1 provocando algunos cambios relevantes en la situaci\u00f3n econ\u00f3mico social que viven los hogares.\" \/>\n<meta name=\"robots\" content=\"noindex, follow, max-snippet:-1, max-image-preview:large, max-video-preview:-1\" \/>\n<meta property=\"og:locale\" content=\"es_ES\" \/>\n<meta property=\"og:type\" content=\"article\" \/>\n<meta property=\"og:title\" content=\"El Habitat del futuro Post Covid: Claves de consumo en los hogares y cambios globales.\" \/>\n<meta property=\"og:description\" content=\"La actual crisis sanitaria provocada por la pandemia de COVID19 , est\u00e1 provocando algunos cambios relevantes en la situaci\u00f3n econ\u00f3mico social que viven los hogares.\" \/>\n<meta property=\"og:url\" content=\"https:\/\/pruebasnitorlack.com\/co\/el-habitat-del-futuro-post-covid\/\" \/>\n<meta property=\"og:site_name\" content=\"VALRESA\" \/>\n<meta property=\"article:publisher\" content=\"https:\/\/www.facebook.com\/valresacoatings\/\" \/>\n<meta property=\"article:published_time\" content=\"2020-06-26T06:56:47+00:00\" \/>\n<meta property=\"article:modified_time\" content=\"2020-07-23T11:56:42+00:00\" \/>\n<meta property=\"og:image\" content=\"https:\/\/pruebasnitorlack.com\/wp-content\/uploads\/2020\/06\/Barnices-para-la-madera-Antibacterianos.jpeg\" \/>\n\t<meta property=\"og:image:width\" content=\"795\" \/>\n\t<meta property=\"og:image:height\" content=\"418\" \/>\n\t<meta property=\"og:image:type\" content=\"image\/jpeg\" \/>\n<meta name=\"author\" content=\"valresa\" \/>\n<meta name=\"twitter:card\" content=\"summary_large_image\" \/>\n<meta name=\"twitter:title\" content=\"El Habitat del futuro Post Covid: Claves de consumo en los hogares y cambios globales.\" \/>\n<meta name=\"twitter:description\" content=\"La actual crisis sanitaria provocada por la pandemia de COVID19 , est\u00e1 provocando algunos cambios relevantes en la situaci\u00f3n econ\u00f3mico social que viven los hogares.\" \/>\n<meta name=\"twitter:image\" content=\"https:\/\/pruebasnitorlack.com\/wp-content\/uploads\/2020\/06\/Barnices-para-la-madera-Antibacterianos.jpeg\" \/>\n<meta name=\"twitter:label1\" content=\"Escrito por\" \/>\n\t<meta name=\"twitter:data1\" content=\"valresa\" \/>\n\t<meta name=\"twitter:label2\" content=\"Tiempo de lectura\" \/>\n\t<meta name=\"twitter:data2\" content=\"4 minutos\" \/>\n<script type=\"application\/ld+json\" class=\"yoast-schema-graph\">{\"@context\":\"https:\\\/\\\/schema.org\",\"@graph\":[{\"@type\":\"Article\",\"@id\":\"https:\\\/\\\/pruebasnitorlack.com\\\/co\\\/el-habitat-del-futuro-post-covid\\\/#article\",\"isPartOf\":{\"@id\":\"https:\\\/\\\/pruebasnitorlack.com\\\/co\\\/el-habitat-del-futuro-post-covid\\\/\"},\"author\":{\"name\":\"valresa\",\"@id\":\"https:\\\/\\\/pruebasnitorlack.com\\\/co\\\/#\\\/schema\\\/person\\\/c4feb9f1e8b2d8bd3b9f96de2b35e092\"},\"headline\":\"El habitat del futuro post &#8211; covid\",\"datePublished\":\"2020-06-26T06:56:47+00:00\",\"dateModified\":\"2020-07-23T11:56:42+00:00\",\"mainEntityOfPage\":{\"@id\":\"https:\\\/\\\/pruebasnitorlack.com\\\/co\\\/el-habitat-del-futuro-post-covid\\\/\"},\"wordCount\":799,\"image\":{\"@id\":\"https:\\\/\\\/pruebasnitorlack.com\\\/co\\\/el-habitat-del-futuro-post-covid\\\/#primaryimage\"},\"thumbnailUrl\":\"https:\\\/\\\/pruebasnitorlack.com\\\/wp-content\\\/uploads\\\/2020\\\/06\\\/Barnices-para-la-madera-Antibacterianos.jpeg\",\"articleSection\":[\"Producto\"],\"inLanguage\":\"es-CO\"},{\"@type\":\"WebPage\",\"@id\":\"https:\\\/\\\/pruebasnitorlack.com\\\/co\\\/el-habitat-del-futuro-post-covid\\\/\",\"url\":\"https:\\\/\\\/pruebasnitorlack.com\\\/co\\\/el-habitat-del-futuro-post-covid\\\/\",\"name\":\"El habitat del futuro post - covid - Valresa.com\",\"isPartOf\":{\"@id\":\"https:\\\/\\\/pruebasnitorlack.com\\\/co\\\/#website\"},\"primaryImageOfPage\":{\"@id\":\"https:\\\/\\\/pruebasnitorlack.com\\\/co\\\/el-habitat-del-futuro-post-covid\\\/#primaryimage\"},\"image\":{\"@id\":\"https:\\\/\\\/pruebasnitorlack.com\\\/co\\\/el-habitat-del-futuro-post-covid\\\/#primaryimage\"},\"thumbnailUrl\":\"https:\\\/\\\/pruebasnitorlack.com\\\/wp-content\\\/uploads\\\/2020\\\/06\\\/Barnices-para-la-madera-Antibacterianos.jpeg\",\"datePublished\":\"2020-06-26T06:56:47+00:00\",\"dateModified\":\"2020-07-23T11:56:42+00:00\",\"author\":{\"@id\":\"https:\\\/\\\/pruebasnitorlack.com\\\/co\\\/#\\\/schema\\\/person\\\/c4feb9f1e8b2d8bd3b9f96de2b35e092\"},\"description\":\"La actual crisis sanitaria provocada por la pandemia de COVID19 , est\u00e1 provocando algunos cambios relevantes en la situaci\u00f3n econ\u00f3mico social que viven los hogares.\",\"breadcrumb\":{\"@id\":\"https:\\\/\\\/pruebasnitorlack.com\\\/co\\\/el-habitat-del-futuro-post-covid\\\/#breadcrumb\"},\"inLanguage\":\"es-CO\",\"potentialAction\":[{\"@type\":\"ReadAction\",\"target\":[\"https:\\\/\\\/pruebasnitorlack.com\\\/co\\\/el-habitat-del-futuro-post-covid\\\/\"]}]},{\"@type\":\"ImageObject\",\"inLanguage\":\"es-CO\",\"@id\":\"https:\\\/\\\/pruebasnitorlack.com\\\/co\\\/el-habitat-del-futuro-post-covid\\\/#primaryimage\",\"url\":\"https:\\\/\\\/pruebasnitorlack.com\\\/wp-content\\\/uploads\\\/2020\\\/06\\\/Barnices-para-la-madera-Antibacterianos.jpeg\",\"contentUrl\":\"https:\\\/\\\/pruebasnitorlack.com\\\/wp-content\\\/uploads\\\/2020\\\/06\\\/Barnices-para-la-madera-Antibacterianos.jpeg\",\"width\":795,\"height\":418},{\"@type\":\"BreadcrumbList\",\"@id\":\"https:\\\/\\\/pruebasnitorlack.com\\\/co\\\/el-habitat-del-futuro-post-covid\\\/#breadcrumb\",\"itemListElement\":[{\"@type\":\"ListItem\",\"position\":1,\"name\":\"Portada\",\"item\":\"https:\\\/\\\/pruebasnitorlack.com\\\/co\\\/\"},{\"@type\":\"ListItem\",\"position\":2,\"name\":\"El habitat del futuro post &#8211; covid\"}]},{\"@type\":\"WebSite\",\"@id\":\"https:\\\/\\\/pruebasnitorlack.com\\\/co\\\/#website\",\"url\":\"https:\\\/\\\/pruebasnitorlack.com\\\/co\\\/\",\"name\":\"VALRESA\",\"description\":\"Barnices y pinturas para la madera\",\"potentialAction\":[{\"@type\":\"SearchAction\",\"target\":{\"@type\":\"EntryPoint\",\"urlTemplate\":\"https:\\\/\\\/pruebasnitorlack.com\\\/co\\\/?s={search_term_string}\"},\"query-input\":{\"@type\":\"PropertyValueSpecification\",\"valueRequired\":true,\"valueName\":\"search_term_string\"}}],\"inLanguage\":\"es-CO\"},{\"@type\":\"Person\",\"@id\":\"https:\\\/\\\/pruebasnitorlack.com\\\/co\\\/#\\\/schema\\\/person\\\/c4feb9f1e8b2d8bd3b9f96de2b35e092\",\"name\":\"valresa\"}]}<\/script>\n<!-- \/ Yoast SEO plugin. -->","yoast_head_json":{"title":"El habitat del futuro post - covid - Valresa.com","description":"La actual crisis sanitaria provocada por la pandemia de COVID19 , est\u00e1 provocando algunos cambios relevantes en la situaci\u00f3n econ\u00f3mico social que viven los hogares.","robots":{"index":"noindex","follow":"follow","max-snippet":"max-snippet:-1","max-image-preview":"max-image-preview:large","max-video-preview":"max-video-preview:-1"},"og_locale":"es_ES","og_type":"article","og_title":"El Habitat del futuro Post Covid: Claves de consumo en los hogares y cambios globales.","og_description":"La actual crisis sanitaria provocada por la pandemia de COVID19 , est\u00e1 provocando algunos cambios relevantes en la situaci\u00f3n econ\u00f3mico social que viven los hogares.","og_url":"https:\/\/pruebasnitorlack.com\/co\/el-habitat-del-futuro-post-covid\/","og_site_name":"VALRESA","article_publisher":"https:\/\/www.facebook.com\/valresacoatings\/","article_published_time":"2020-06-26T06:56:47+00:00","article_modified_time":"2020-07-23T11:56:42+00:00","og_image":[{"width":795,"height":418,"url":"https:\/\/pruebasnitorlack.com\/wp-content\/uploads\/2020\/06\/Barnices-para-la-madera-Antibacterianos.jpeg","type":"image\/jpeg"}],"author":"valresa","twitter_card":"summary_large_image","twitter_title":"El Habitat del futuro Post Covid: Claves de consumo en los hogares y cambios globales.","twitter_description":"La actual crisis sanitaria provocada por la pandemia de COVID19 , est\u00e1 provocando algunos cambios relevantes en la situaci\u00f3n econ\u00f3mico social que viven los hogares.","twitter_image":"https:\/\/pruebasnitorlack.com\/wp-content\/uploads\/2020\/06\/Barnices-para-la-madera-Antibacterianos.jpeg","twitter_misc":{"Escrito por":"valresa","Tiempo de lectura":"4 minutos"},"schema":{"@context":"https:\/\/schema.org","@graph":[{"@type":"Article","@id":"https:\/\/pruebasnitorlack.com\/co\/el-habitat-del-futuro-post-covid\/#article","isPartOf":{"@id":"https:\/\/pruebasnitorlack.com\/co\/el-habitat-del-futuro-post-covid\/"},"author":{"name":"valresa","@id":"https:\/\/pruebasnitorlack.com\/co\/#\/schema\/person\/c4feb9f1e8b2d8bd3b9f96de2b35e092"},"headline":"El habitat del futuro post &#8211; covid","datePublished":"2020-06-26T06:56:47+00:00","dateModified":"2020-07-23T11:56:42+00:00","mainEntityOfPage":{"@id":"https:\/\/pruebasnitorlack.com\/co\/el-habitat-del-futuro-post-covid\/"},"wordCount":799,"image":{"@id":"https:\/\/pruebasnitorlack.com\/co\/el-habitat-del-futuro-post-covid\/#primaryimage"},"thumbnailUrl":"https:\/\/pruebasnitorlack.com\/wp-content\/uploads\/2020\/06\/Barnices-para-la-madera-Antibacterianos.jpeg","articleSection":["Producto"],"inLanguage":"es-CO"},{"@type":"WebPage","@id":"https:\/\/pruebasnitorlack.com\/co\/el-habitat-del-futuro-post-covid\/","url":"https:\/\/pruebasnitorlack.com\/co\/el-habitat-del-futuro-post-covid\/","name":"El habitat del futuro post - covid - Valresa.com","isPartOf":{"@id":"https:\/\/pruebasnitorlack.com\/co\/#website"},"primaryImageOfPage":{"@id":"https:\/\/pruebasnitorlack.com\/co\/el-habitat-del-futuro-post-covid\/#primaryimage"},"image":{"@id":"https:\/\/pruebasnitorlack.com\/co\/el-habitat-del-futuro-post-covid\/#primaryimage"},"thumbnailUrl":"https:\/\/pruebasnitorlack.com\/wp-content\/uploads\/2020\/06\/Barnices-para-la-madera-Antibacterianos.jpeg","datePublished":"2020-06-26T06:56:47+00:00","dateModified":"2020-07-23T11:56:42+00:00","author":{"@id":"https:\/\/pruebasnitorlack.com\/co\/#\/schema\/person\/c4feb9f1e8b2d8bd3b9f96de2b35e092"},"description":"La actual crisis sanitaria provocada por la pandemia de COVID19 , est\u00e1 provocando algunos cambios relevantes en la situaci\u00f3n econ\u00f3mico social que viven los hogares.","breadcrumb":{"@id":"https:\/\/pruebasnitorlack.com\/co\/el-habitat-del-futuro-post-covid\/#breadcrumb"},"inLanguage":"es-CO","potentialAction":[{"@type":"ReadAction","target":["https:\/\/pruebasnitorlack.com\/co\/el-habitat-del-futuro-post-covid\/"]}]},{"@type":"ImageObject","inLanguage":"es-CO","@id":"https:\/\/pruebasnitorlack.com\/co\/el-habitat-del-futuro-post-covid\/#primaryimage","url":"https:\/\/pruebasnitorlack.com\/wp-content\/uploads\/2020\/06\/Barnices-para-la-madera-Antibacterianos.jpeg","contentUrl":"https:\/\/pruebasnitorlack.com\/wp-content\/uploads\/2020\/06\/Barnices-para-la-madera-Antibacterianos.jpeg","width":795,"height":418},{"@type":"BreadcrumbList","@id":"https:\/\/pruebasnitorlack.com\/co\/el-habitat-del-futuro-post-covid\/#breadcrumb","itemListElement":[{"@type":"ListItem","position":1,"name":"Portada","item":"https:\/\/pruebasnitorlack.com\/co\/"},{"@type":"ListItem","position":2,"name":"El habitat del futuro post &#8211; covid"}]},{"@type":"WebSite","@id":"https:\/\/pruebasnitorlack.com\/co\/#website","url":"https:\/\/pruebasnitorlack.com\/co\/","name":"VALRESA","description":"Barnices y pinturas para la madera","potentialAction":[{"@type":"SearchAction","target":{"@type":"EntryPoint","urlTemplate":"https:\/\/pruebasnitorlack.com\/co\/?s={search_term_string}"},"query-input":{"@type":"PropertyValueSpecification","valueRequired":true,"valueName":"search_term_string"}}],"inLanguage":"es-CO"},{"@type":"Person","@id":"https:\/\/pruebasnitorlack.com\/co\/#\/schema\/person\/c4feb9f1e8b2d8bd3b9f96de2b35e092","name":"valresa"}]}},"_links":{"self":[{"href":"https:\/\/pruebasnitorlack.com\/co\/wp-json\/wp\/v2\/posts\/17814","targetHints":{"allow":["GET"]}}],"collection":[{"href":"https:\/\/pruebasnitorlack.com\/co\/wp-json\/wp\/v2\/posts"}],"about":[{"href":"https:\/\/pruebasnitorlack.com\/co\/wp-json\/wp\/v2\/types\/post"}],"author":[{"embeddable":true,"href":"https:\/\/pruebasnitorlack.com\/co\/wp-json\/wp\/v2\/users\/1"}],"replies":[{"embeddable":true,"href":"https:\/\/pruebasnitorlack.com\/co\/wp-json\/wp\/v2\/comments?post=17814"}],"version-history":[{"count":0,"href":"https:\/\/pruebasnitorlack.com\/co\/wp-json\/wp\/v2\/posts\/17814\/revisions"}],"wp:featuredmedia":[{"embeddable":true,"href":"https:\/\/pruebasnitorlack.com\/co\/wp-json\/wp\/v2\/media\/17815"}],"wp:attachment":[{"href":"https:\/\/pruebasnitorlack.com\/co\/wp-json\/wp\/v2\/media?parent=17814"}],"wp:term":[{"taxonomy":"category","embeddable":true,"href":"https:\/\/pruebasnitorlack.com\/co\/wp-json\/wp\/v2\/categories?post=17814"},{"taxonomy":"post_tag","embeddable":true,"href":"https:\/\/pruebasnitorlack.com\/co\/wp-json\/wp\/v2\/tags?post=17814"}],"curies":[{"name":"wp","href":"https:\/\/api.w.org\/{rel}","templated":true}]}}